{"id":114616,"date":"2025-12-23T07:42:18","date_gmt":"2025-12-23T07:42:18","guid":{"rendered":"https:\/\/www.europesays.com\/se\/114616\/"},"modified":"2025-12-23T07:42:18","modified_gmt":"2025-12-23T07:42:18","slug":"ethan-hawke-kan-fa-en-oscar-for-arets-basta-biopic-nu-slapps-den-i-sverige","status":"publish","type":"post","link":"https:\/\/www.europesays.com\/se\/114616\/","title":{"rendered":"Ethan Hawke kan f\u00e5 en Oscar f\u00f6r \u00e5rets b\u00e4sta biopic \u2013 nu sl\u00e4pps den i Sverige"},"content":{"rendered":"<p>En av de allra b\u00e4sta nya filmerna jag har sett i \u00e5r sl\u00e4pps digitalt i Sverige idag. <a href=\"https:\/\/www.moviezine.se\/movies\/blue-moon-2025\" rel=\"nofollow noopener\" target=\"_blank\">\u201dBlue Moon\u201d<\/a> \u00e4r inte bara en hj\u00e4rtsk\u00e4rande biopic \u2013 det \u00e4r ocks\u00e5 filmen som kan ge <strong>Ethan Hawke<\/strong> en Oscar i v\u00e5r.<\/p>\n<p>Dramat \u00e4r Hawkes \u00e5ttonde samarbete med parh\u00e4sten och regiss\u00f6ren <strong>Richard Linklater<\/strong>. Duon jobbade tillsammans f\u00f6r f\u00f6rsta g\u00e5ngen p\u00e5 1995 \u00e5rs <a href=\"https:\/\/www.moviezine.se\/movies\/bara-en-natt\" rel=\"nofollow noopener\" target=\"_blank\">\u201dBara en natt\u201d<\/a> och har sedan dess tagit fram det b\u00e4sta hos varandra i 30 \u00e5r.<\/p>\n<p>Den h\u00e4r g\u00e5ngen spelar Ethan Hawke l\u00e5tskrivaren Lorenz Hart. \u201dBlue Moon\u201d utspelar sig under den glada premi\u00e4rkv\u00e4llen f\u00f6r den ber\u00f6mda musikalen \u201dOklahoma!\u201d 1943. Men Hart har blandade k\u00e4nslor d\u00e5 hans f\u00f6re detta partner, komposit\u00f6ren Richard Rodgers (<strong>Andrew Scott<\/strong>), har bytt ut honom och valt att samarbeta med en annan lyriker.<\/p>\n<p>Hela filmen utspelar sig under en och samma kv\u00e4ll p\u00e5 en och samma plats och \u00e4r helt dialogdriven. Ethan Hawke h\u00e5ller monologer utan avbrott, dricker och tr\u00e5nar \u00f6ver <strong>Margaret Qualley<\/strong>. Han \u00e4r lika hj\u00e4rtsk\u00e4rande som hypnotiserande och pendlar s\u00f6ml\u00f6st mellan k\u00e4rlek, bitterhet och sorg.<\/p>\n<p><img loading=\"lazy\" height=\"365\" width=\"648\" class=\"wp-image-696983 sp-no-webp perfmatters-lazy\" alt=\"\" decoding=\"async\" src=\"https:\/\/www.europesays.com\/se\/wp-content\/uploads\/2025\/12\/202505649_1-H-2025-648x365.jpg\"  data-\/> Hawke och Qualley i \u201dBlue Moon\u201d.<\/p>\n<p>\u201dBlue Moon\u201d har mottagit m\u00e5nga hyllningar sedan premi\u00e4ren p\u00e5 filmfestivalen i Berlin i vintras. <a href=\"https:\/\/www.moviezine.se\/recensioner\/recension-blue-moon-linklater-hawke\" rel=\"nofollow noopener\" target=\"_blank\">MovieZines recensent<\/a> Annika Andersson delade ut betyget 4\/5 till \u201den nostalgisk och melankolisk biopic\u201d med en \u201dOscarsv\u00e4rdig\u201d Ethan Hawke.<\/p>\n<p>V\u00e5r recensent \u00e4r inte den enda med den \u00e5sikten. Hawke har varit st\u00e4ndigt n\u00e4rvarande i diskussionerna inf\u00f6r v\u00e5rens gala. En nominering \u00e4r praktiskt taget garanterad \u2013 och <a href=\"https:\/\/variety.com\/lists\/2026-oscars-predictions\/\" rel=\"nofollow noopener\" target=\"_blank\">Varietys experter<\/a> tippar till och med att han tar hem vinsten. Konkurrensen \u00e4r s\u00e5klart h\u00e5rd, fr\u00e4mst fr\u00e5n Leonardo DiCaprio (<a href=\"https:\/\/www.moviezine.se\/movies\/the-battle-at-baktan-cross\" rel=\"nofollow noopener\" target=\"_blank\">\u201dOne Battle After Another\u201d<\/a>) och Timoth\u00e9e Chalamet (<a href=\"https:\/\/www.moviezine.se\/movies\/marty-supreme\" rel=\"nofollow noopener\" target=\"_blank\">\u201dMarty Supreme\u201d<\/a>).<\/p>\n<p>Hur det g\u00e5r f\u00f6r honom f\u00e5r vi se i mars. Men viktigare \u00e4r att se \u201dBlue Moon\u201d, som nu finns som digital k\u00f6pfilm p\u00e5 tj\u00e4nster s\u00e5som SF Anytime. Spana in en trailer nedan:<\/p>\n<p><img loading=\"lazy\" decoding=\"async\" alt=\"YouTube video\" width=\"480\" height=\"360\" data-pin-nopin=\"true\" nopin=\"nopin\" class=\"perfmatters-lazy\" src=\"https:\/\/www.europesays.com\/se\/wp-content\/uploads\/2025\/12\/1766475738_33_hqdefault.jpg\"\/><\/p>\n<p>L\u00e4s ocks\u00e5: <a href=\"https:\/\/www.moviezine.se\/nyheter\/65-arige-richard-linklater-dubbelt-aktuell-i-december\" title=\"65-\u00e5rige Richard Linklater dubbelt aktuell i december\" class=\"underline-custom !font-montserrat !font-bold !underline-offset-4 !decoration-4 !decoration-moviezine-green !text-md\" rel=\"nofollow noopener\" target=\"_blank\">65-\u00e5rige Richard Linklater dubbelt aktuell i december<\/a><\/p>\n<p>L\u00e4s ocks\u00e5: <a href=\"https:\/\/www.moviezine.se\/nyheter\/black-phone-2-bjuder-pa-en-fantastisk-ethan-hawke-nu-slapps-filmen-digitalt\" title=\"\u201dBlack Phone 2\u201d bjuder p\u00e5 en fantastisk Ethan Hawke \u2013 nu sl\u00e4pps filmen digitalt\" class=\"underline-custom !font-montserrat !font-bold !underline-offset-4 !decoration-4 !decoration-moviezine-green !text-md\" rel=\"nofollow noopener\" target=\"_blank\">\u201dBlack Phone 2\u201d bjuder p\u00e5 en fantastisk Ethan Hawke \u2013 nu sl\u00e4pps filmen digitalt<\/a><\/p>\n","protected":false},"excerpt":{"rendered":"En av de allra b\u00e4sta nya filmerna jag har sett i \u00e5r sl\u00e4pps digitalt i Sverige idag. \u201dBlue&hellip;\n","protected":false},"author":2,"featured_media":114617,"comment_status":"","ping_status":"","sticky":false,"template":"","format":"standard","meta":{"footnotes":""},"categories":[67],"tags":[2372,104,34,31,33,32,30,105],"class_list":{"0":"post-114616","1":"post","2":"type-post","3":"status-publish","4":"format-standard","5":"has-post-thumbnail","7":"category-underhallning","8":"tag-digitalpremiar","9":"tag-entertainment","10":"tag-se","11":"tag-svenska","12":"tag-sverige","13":"tag-sweden","14":"tag-swedish","15":"tag-underhallning"},"share_on_mastodon":{"url":"https:\/\/pubeurope.com\/@se\/115767761115527512","error":""},"_links":{"self":[{"href":"https:\/\/www.europesays.com\/se\/wp-json\/wp\/v2\/posts\/114616","targetHints":{"allow":["GET"]}}],"collection":[{"href":"https:\/\/www.europesays.com\/se\/wp-json\/wp\/v2\/posts"}],"about":[{"href":"https:\/\/www.europesays.com\/se\/wp-json\/wp\/v2\/types\/post"}],"author":[{"embeddable":true,"href":"https:\/\/www.europesays.com\/se\/wp-json\/wp\/v2\/users\/2"}],"replies":[{"embeddable":true,"href":"https:\/\/www.europesays.com\/se\/wp-json\/wp\/v2\/comments?post=114616"}],"version-history":[{"count":0,"href":"https:\/\/www.europesays.com\/se\/wp-json\/wp\/v2\/posts\/114616\/revisions"}],"wp:featuredmedia":[{"embeddable":true,"href":"https:\/\/www.europesays.com\/se\/wp-json\/wp\/v2\/media\/114617"}],"wp:attachment":[{"href":"https:\/\/www.europesays.com\/se\/wp-json\/wp\/v2\/media?parent=114616"}],"wp:term":[{"taxonomy":"category","embeddable":true,"href":"https:\/\/www.europesays.com\/se\/wp-json\/wp\/v2\/categories?post=114616"},{"taxonomy":"post_tag","embeddable":true,"href":"https:\/\/www.europesays.com\/se\/wp-json\/wp\/v2\/tags?post=114616"}],"curies":[{"name":"wp","href":"https:\/\/api.w.org\/{rel}","templated":true}]}}