{"id":114618,"date":"2025-12-23T07:43:09","date_gmt":"2025-12-23T07:43:09","guid":{"rendered":"https:\/\/www.europesays.com\/se\/114618\/"},"modified":"2025-12-23T07:43:09","modified_gmt":"2025-12-23T07:43:09","slug":"apple-tvingar-ny-uppdatering-pa-din-iphone-annars-stoppas-sakerhetsfixar","status":"publish","type":"post","link":"https:\/\/www.europesays.com\/se\/114618\/","title":{"rendered":"Apple tvingar ny uppdatering p\u00e5 din iPhone \u2013 annars stoppas s\u00e4kerhetsfixar"},"content":{"rendered":"<p>Om du fortfarande anv\u00e4nder ett \u00e4ldre operativsystem p\u00e5 din iPhone kan valfriheten nu vara p\u00e5 v\u00e4g att f\u00f6rsvinna. <\/p>\n<p>Apple har b\u00f6rjat rulla ut iOS 26.2 och samtidigt dragit en tydlig gr\u00e4ns som p\u00e5verkar miljontals anv\u00e4ndare v\u00e4rlden \u00f6ver. <\/p>\n<p>F\u00f6r den som inte uppdaterar till iOS 26 upph\u00f6r n\u00e4mligen framtida s\u00e4kerhetsuppdateringar.<\/p>\n<p>Det \u00e4r ett ovanligt skarpt besked fr\u00e5n Apple som normalt har till\u00e5tit anv\u00e4ndare att stanna kvar p\u00e5 \u00e4ldre versioner och \u00e4nd\u00e5 f\u00e5 kritiska s\u00e4kerhetsfixar. <\/p>\n<p>Nu g\u00e4ller inte l\u00e4ngre samma princip f\u00f6r iPhones som tekniskt klarar iOS 26. Det skriver <a href=\"https:\/\/mobilsiden.dk\/nyheder\/android-ios\/apple-gennemtvinger-opdatering-paa-din-iphone\/\" rel=\"nofollow noopener\" target=\"_blank\">Mobilsiden<\/a>.<\/p>\n<p>S\u00e4kerhetsh\u00e5l bakom beslutet<\/p>\n<p>Bakgrunden till beslutet \u00e4r enligt Apple tv\u00e5 allvarliga s\u00e4kerhetsbrister som har \u00e5tg\u00e4rdats i iOS 26.2. <\/p>\n<p>F\u00f6retaget uppger att s\u00e5rbarheterna kan ha utnyttjats i riktade och avancerade attacker mot specifika personer som anv\u00e4nt \u00e4ldre versioner av systemet.<\/p>\n<p>Ut\u00f6ver detta t\u00e4pper uppdateringen till ett omfattande integritetsproblem i Meddelanden d\u00e4r anv\u00e4ndardata riskerat att exponeras. <\/p>\n<p>Apple har i samband med lanseringen betonat att s\u00e4kerhetsniv\u00e5n p\u00e5 \u00e4ldre system inte l\u00e4ngre kan garanteras p\u00e5 samma s\u00e4tt.<\/p>\n<p>\u201dF\u00f6r att forts\u00e4tta f\u00e5 viktiga s\u00e4kerhetsuppdateringar kr\u00e4vs nu att enheten k\u00f6r iOS 26\u201d, enligt Apples egen information kring uppdateringen.<\/p>\n<p><strong>L\u00e4s mer: <\/strong><a href=\"https:\/\/www.e55.se\/ekonomi\/tiotusentals-mobiltelefoner-blockeras-i-dag-ar-din-en-av-dem\/\" rel=\"nofollow noopener\" target=\"_blank\">Tiotusentals mobiltelefoner blockeras i dag \u2013 \u00e4r din en av dem? \u2013 E55<\/a><\/p>\n","protected":false},"excerpt":{"rendered":"Om du fortfarande anv\u00e4nder ett \u00e4ldre operativsystem p\u00e5 din iPhone kan valfriheten nu vara p\u00e5 v\u00e4g att f\u00f6rsvinna.&hellip;\n","protected":false},"author":2,"featured_media":114619,"comment_status":"","ping_status":"","sticky":false,"template":"","format":"standard","meta":{"footnotes":""},"categories":[66],"tags":[391,487,3909,80,78,79,34,31,33,32,30,81,84,83,82],"class_list":{"0":"post-114618","1":"post","2":"type-post","3":"status-publish","4":"format-standard","5":"has-post-thumbnail","7":"category-vetenskap-och-teknik","8":"tag-apple","9":"tag-iphone","10":"tag-mobil","11":"tag-science","12":"tag-science-and-technology","13":"tag-scienceandtechnology","14":"tag-se","15":"tag-svenska","16":"tag-sverige","17":"tag-sweden","18":"tag-swedish","19":"tag-technology","20":"tag-teknik","21":"tag-vetenskap","22":"tag-vetenskapteknik"},"share_on_mastodon":{"url":"https:\/\/pubeurope.com\/@se\/115767764840522498","error":""},"_links":{"self":[{"href":"https:\/\/www.europesays.com\/se\/wp-json\/wp\/v2\/posts\/114618","targetHints":{"allow":["GET"]}}],"collection":[{"href":"https:\/\/www.europesays.com\/se\/wp-json\/wp\/v2\/posts"}],"about":[{"href":"https:\/\/www.europesays.com\/se\/wp-json\/wp\/v2\/types\/post"}],"author":[{"embeddable":true,"href":"https:\/\/www.europesays.com\/se\/wp-json\/wp\/v2\/users\/2"}],"replies":[{"embeddable":true,"href":"https:\/\/www.europesays.com\/se\/wp-json\/wp\/v2\/comments?post=114618"}],"version-history":[{"count":0,"href":"https:\/\/www.europesays.com\/se\/wp-json\/wp\/v2\/posts\/114618\/revisions"}],"wp:featuredmedia":[{"embeddable":true,"href":"https:\/\/www.europesays.com\/se\/wp-json\/wp\/v2\/media\/114619"}],"wp:attachment":[{"href":"https:\/\/www.europesays.com\/se\/wp-json\/wp\/v2\/media?parent=114618"}],"wp:term":[{"taxonomy":"category","embeddable":true,"href":"https:\/\/www.europesays.com\/se\/wp-json\/wp\/v2\/categories?post=114618"},{"taxonomy":"post_tag","embeddable":true,"href":"https:\/\/www.europesays.com\/se\/wp-json\/wp\/v2\/tags?post=114618"}],"curies":[{"name":"wp","href":"https:\/\/api.w.org\/{rel}","templated":true}]}}