{"id":114621,"date":"2025-12-23T07:46:08","date_gmt":"2025-12-23T07:46:08","guid":{"rendered":"https:\/\/www.europesays.com\/se\/114621\/"},"modified":"2025-12-23T07:46:08","modified_gmt":"2025-12-23T07:46:08","slug":"stockholm-avfolkas-pa-jul-men-inte-taby","status":"publish","type":"post","link":"https:\/\/www.europesays.com\/se\/114621\/","title":{"rendered":"Stockholm avfolkas p\u00e5 jul \u2013 men inte T\u00e4by"},"content":{"rendered":"<p class=\"text\">T\u00e4by N\u00e4r julfirare reser hem \u00f6ver helgerna f\u00f6r\u00e4ndras Sveriges befolkning tillf\u00e4lligt. <\/p>\n<p class=\"text\">Storstadsomr\u00e5dena tappar inv\u00e5nare, medan m\u00e5nga kommuner i norr v\u00e4xer. <\/p>\n<p>H\u00e4r \u00f6kar befolkningen <\/p>\n<p class=\"text\">I T\u00e4by \u00e4r dock f\u00f6r\u00e4ndringen liten \u2013 befolkningen minskar bara med omkring fyra procent. Det placerar kommunen bland ett 50-tal i landet som knappt p\u00e5verkas av julens avfolkning, detta enligt Newsworthy som tagit siffror fr\u00e5n SCB:s kartl\u00e4ggning om hur Sveriges befolkning r\u00f6r sig i landet. <\/p>\n<p class=\"text\">De tydligaste m\u00f6nstren \u00e4r att de tre storstadsomr\u00e5dena tappar inv\u00e5nare, medan norra Sverige, och inte minst typiska turistkommuner i fj\u00e4llen, \u00f6kar kraftigt.<\/p>\n","protected":false},"excerpt":{"rendered":"T\u00e4by N\u00e4r julfirare reser hem \u00f6ver helgerna f\u00f6r\u00e4ndras Sveriges befolkning tillf\u00e4lligt. Storstadsomr\u00e5dena tappar inv\u00e5nare, medan m\u00e5nga kommuner i&hellip;\n","protected":false},"author":2,"featured_media":114622,"comment_status":"","ping_status":"","sticky":false,"template":"","format":"standard","meta":{"footnotes":""},"categories":[12],"tags":[22,23,26,27,17,21,24,25,28,29,15,16,18,34,31,33,32,30,19,20],"class_list":{"0":"post-114621","1":"post","2":"type-post","3":"status-publish","4":"format-standard","5":"has-post-thumbnail","7":"category-sverige","8":"tag-breaking-news","9":"tag-breakingnews","10":"tag-featured-news","11":"tag-featurednews","12":"tag-headlines","13":"tag-huvudnyheter","14":"tag-latest-news","15":"tag-latestnews","16":"tag-main-news","17":"tag-mainnews","18":"tag-news","19":"tag-nyheter","20":"tag-rubriker","21":"tag-se","22":"tag-svenska","23":"tag-sverige","24":"tag-sweden","25":"tag-swedish","26":"tag-top-stories","27":"tag-topstories"},"share_on_mastodon":{"url":"https:\/\/pubeurope.com\/@se\/115767776569486217","error":""},"_links":{"self":[{"href":"https:\/\/www.europesays.com\/se\/wp-json\/wp\/v2\/posts\/114621","targetHints":{"allow":["GET"]}}],"collection":[{"href":"https:\/\/www.europesays.com\/se\/wp-json\/wp\/v2\/posts"}],"about":[{"href":"https:\/\/www.europesays.com\/se\/wp-json\/wp\/v2\/types\/post"}],"author":[{"embeddable":true,"href":"https:\/\/www.europesays.com\/se\/wp-json\/wp\/v2\/users\/2"}],"replies":[{"embeddable":true,"href":"https:\/\/www.europesays.com\/se\/wp-json\/wp\/v2\/comments?post=114621"}],"version-history":[{"count":0,"href":"https:\/\/www.europesays.com\/se\/wp-json\/wp\/v2\/posts\/114621\/revisions"}],"wp:featuredmedia":[{"embeddable":true,"href":"https:\/\/www.europesays.com\/se\/wp-json\/wp\/v2\/media\/114622"}],"wp:attachment":[{"href":"https:\/\/www.europesays.com\/se\/wp-json\/wp\/v2\/media?parent=114621"}],"wp:term":[{"taxonomy":"category","embeddable":true,"href":"https:\/\/www.europesays.com\/se\/wp-json\/wp\/v2\/categories?post=114621"},{"taxonomy":"post_tag","embeddable":true,"href":"https:\/\/www.europesays.com\/se\/wp-json\/wp\/v2\/tags?post=114621"}],"curies":[{"name":"wp","href":"https:\/\/api.w.org\/{rel}","templated":true}]}}