{"id":114629,"date":"2025-12-23T07:54:09","date_gmt":"2025-12-23T07:54:09","guid":{"rendered":"https:\/\/www.europesays.com\/se\/114629\/"},"modified":"2025-12-23T07:54:09","modified_gmt":"2025-12-23T07:54:09","slug":"jakt-med-jaqt-da-den-ar-som-bast-natverk-for-kvinnor-av-jagande-qvinnor-i-tiden","status":"publish","type":"post","link":"https:\/\/www.europesays.com\/se\/114629\/","title":{"rendered":"Jakt med JAQT d\u00e5 den \u00e4r som b\u00e4st \u2013 n\u00e4tverk f\u00f6r kvinnor av jagande qvinnor i tiden"},"content":{"rendered":"<p>            <img width=\"2560\" height=\"1441\" src=\"https:\/\/www.europesays.com\/se\/wp-content\/uploads\/2025\/12\/C-20251009_152411-scaled.jpg\" class=\"attachment-full size-full\" alt=\"\" decoding=\"async\" fetchpriority=\"high\"  \/><\/p>\n<p id=\"caption-attachment-241974\" class=\"wp-caption-text\">J\u00e4garna samlade vid den skjutna kalven. Foto: Anna-Carin Westling<\/p>\n<p data-beyondwords-marker=\"de1b3ebe-9a40-4bc4-9a98-28c465d226f8\">15 kvinnor fr\u00e5n hela Sverige tr\u00e4ffades den 7 oktober, nyutexaminerade till erfarna j\u00e4gare samlades f\u00f6r att tillsammans jaga \u00e4lg p\u00e5 Holmens skog i Gissj\u00f6n.<\/p>\n<p data-beyondwords-marker=\"900eabf1-b3fb-4933-baaf-32836eb237d6\">Jaktledare Anna Holmsten och vice jaktledare Karin Daniels h\u00e4lsade kvinnorna v\u00e4lkomna med presentationer bordet runt, goodie-bags, en tipsrunda samt en genomg\u00e5ng om jakten.<\/p>\n<p data-beyondwords-marker=\"0e7c18e1-1288-4d4a-a901-b5463ccd47aa\">Redan andra jaktdagen var inf\u00f6ll sig turen och Linda Pakula fick skjuta en kalv. Alla hj\u00e4lps \u00e5t att passa och dra fram \u00e4lgen f\u00f6r att sedan f\u00e5 den till slaktstugan f\u00f6r att sedan tillsammans fl\u00e5 \u00e4lgen. Allt f\u00f6r att gemensamt l\u00e4ra oss och dela varandras erfarenheter. Sista dagen var \u00e4ven den sp\u00e4nnande med en hund som jagade en ko med kalv.<\/p>\n<p data-beyondwords-marker=\"be164594-4264-4475-ab5f-b21d230e1954\">Men jakt \u00e4r s\u00e5 mycket mer \u00e4n att sitta i skogen. Det \u00e4r gemenskap och umg\u00e4nge.\u00a0<\/p>\n<p data-beyondwords-marker=\"aff57ca2-c4ac-417d-aa77-43a29045639b\">Anna Karin Englund bj\u00f6d p\u00e5 vildsvinsbiffar med kantarells\u00e5s. P\u00e5 kv\u00e4llen blev det spa, bastu med rosa bubbel och bad i \u00e4lven.<\/p>\n<p data-beyondwords-marker=\"bd0a907e-e949-4572-9277-9279424186ce\">S\u00e5 fantastiskt roligt att se dessa taggade, glada j\u00e4gare och vilket sammansvetsat g\u00e4ng det blev.<\/p>\n<p data-beyondwords-marker=\"f01da1f7-bc8f-426b-a50f-310a3249f23d\"><a href=\"https:\/\/svenskjakt.se\/tag\/jagareforbundet\/\" class=\"tag-link\" aria-label=\"J\u00e4garef\u00f6rbundet\" rel=\"nofollow noopener\" target=\"_blank\">J\u00e4garef\u00f6rbundet<\/a> Hudiksvall-En\u00e5nger vill rikta ett stort tack till Holmen f\u00f6r all sponsring och inte minst till Anna Holmsten som trots sin ringa \u00e5lder \u00e4r en erfaren j\u00e4gare och h\u00f6ll i jaktledarerollen med bravur.<\/p>\n<p data-beyondwords-marker=\"1d3f8ef0-986f-43a3-aaee-d4e4f9ab1560\">Till sist tack till hundf\u00f6rare Anna Holmsten, Emmaah Andersson, Jonna K\u00e5gstr\u00f6m och Karin Daniels vilken tillika var efters\u00f6ksj\u00e4gare med sin erfarna Hjortriket Orakel som \u00e4r en bayersk viltsp\u00e5rhund.\u00a0<\/p>\n<p data-beyondwords-marker=\"85e94b9e-a755-4a80-96c7-d1e3466b52ee\" class=\"byline first\">Anna Carin Westling<br \/><a href=\"https:\/\/svenskjakt.se\/tag\/jaqt\/\" class=\"tag-link\" aria-label=\"JAQT\" rel=\"nofollow noopener\" target=\"_blank\">JAQT<\/a> J\u00e4garef\u00f6rbundet Hudiksvall-En\u00e5nger<\/p>\n<p>\nMissa ingenting \u2013 f\u00e5 Svensk Jakts nyheter i din mejlbox<br \/>\nNyhetsbrevet skickas ut varje vardag.<\/p>\n","protected":false},"excerpt":{"rendered":"J\u00e4garna samlade vid den skjutna kalven. Foto: Anna-Carin Westling 15 kvinnor fr\u00e5n hela Sverige tr\u00e4ffades den 7 oktober,&hellip;\n","protected":false},"author":2,"featured_media":114630,"comment_status":"","ping_status":"","sticky":false,"template":"","format":"standard","meta":{"footnotes":""},"categories":[12],"tags":[22,23,26,27,17,21,24,25,28,29,15,16,18,34,31,33,32,30,19,20],"class_list":{"0":"post-114629","1":"post","2":"type-post","3":"status-publish","4":"format-standard","5":"has-post-thumbnail","7":"category-sverige","8":"tag-breaking-news","9":"tag-breakingnews","10":"tag-featured-news","11":"tag-featurednews","12":"tag-headlines","13":"tag-huvudnyheter","14":"tag-latest-news","15":"tag-latestnews","16":"tag-main-news","17":"tag-mainnews","18":"tag-news","19":"tag-nyheter","20":"tag-rubriker","21":"tag-se","22":"tag-svenska","23":"tag-sverige","24":"tag-sweden","25":"tag-swedish","26":"tag-top-stories","27":"tag-topstories"},"share_on_mastodon":{"url":"https:\/\/pubeurope.com\/@se\/115767808268814439","error":""},"_links":{"self":[{"href":"https:\/\/www.europesays.com\/se\/wp-json\/wp\/v2\/posts\/114629","targetHints":{"allow":["GET"]}}],"collection":[{"href":"https:\/\/www.europesays.com\/se\/wp-json\/wp\/v2\/posts"}],"about":[{"href":"https:\/\/www.europesays.com\/se\/wp-json\/wp\/v2\/types\/post"}],"author":[{"embeddable":true,"href":"https:\/\/www.europesays.com\/se\/wp-json\/wp\/v2\/users\/2"}],"replies":[{"embeddable":true,"href":"https:\/\/www.europesays.com\/se\/wp-json\/wp\/v2\/comments?post=114629"}],"version-history":[{"count":0,"href":"https:\/\/www.europesays.com\/se\/wp-json\/wp\/v2\/posts\/114629\/revisions"}],"wp:featuredmedia":[{"embeddable":true,"href":"https:\/\/www.europesays.com\/se\/wp-json\/wp\/v2\/media\/114630"}],"wp:attachment":[{"href":"https:\/\/www.europesays.com\/se\/wp-json\/wp\/v2\/media?parent=114629"}],"wp:term":[{"taxonomy":"category","embeddable":true,"href":"https:\/\/www.europesays.com\/se\/wp-json\/wp\/v2\/categories?post=114629"},{"taxonomy":"post_tag","embeddable":true,"href":"https:\/\/www.europesays.com\/se\/wp-json\/wp\/v2\/tags?post=114629"}],"curies":[{"name":"wp","href":"https:\/\/api.w.org\/{rel}","templated":true}]}}