{"id":114639,"date":"2025-12-23T08:02:18","date_gmt":"2025-12-23T08:02:18","guid":{"rendered":"https:\/\/www.europesays.com\/se\/114639\/"},"modified":"2025-12-23T08:02:18","modified_gmt":"2025-12-23T08:02:18","slug":"visste-att-de-utnyttjade-mig-arbetet","status":"publish","type":"post","link":"https:\/\/www.europesays.com\/se\/114639\/","title":{"rendered":"\u201dVisste att de utnyttjade mig\u201d \u2013 Arbetet"},"content":{"rendered":"<p>\t\t\t\t\t\t\t\t\t\tArtikeln i korthet<\/p>\n<ul>\n<li>St\u00e4dj\u00e4tten Reng\u00f6rare N\u00e4slund har inte betalat sina anst\u00e4llda f\u00f6r allt arbete, till exempel \u00f6vertidstimmar, enligt facket Kommunal. En f\u00f6re detta anst\u00e4lld, st\u00e4daren \u201dGiulio\u201d ber\u00e4ttar att han slet h\u00e5rt n\u00e4r han arbetade f\u00f6r st\u00e4dbolaget. <\/li>\n<li>Reng\u00f6rare N\u00e4slund har gjort en utredning som visat att det finns \u201dbrottsmisstankar\u201d inom bolaget. D\u00e4rf\u00f6r har f\u00f6retaget gjort en polisanm\u00e4lan.  \u201dFusk eller oegentligheter\u201d \u00e4r oacceptabelt, skriver vd:n Eric Eriksson i ett mejl. <\/li>\n<li>Facket Kommunal \u00e4r kritiska mot kommunernas upphandlingar. Till exempel beh\u00f6ver kommuner bli b\u00e4ttre p\u00e5 att f\u00f6lja upp att det som st\u00e5r i avtalen f\u00f6ljs i verkligheten, enligt Lars Frid, ombudsman p\u00e5 Kommunal. <\/li>\n<\/ul>\n<p class=\"FactBox-disclaimer\">Denna sammanfattning har gjorts med st\u00f6d av AI och \u00e4r kvalitetss\u00e4krad av en redaktionell medarbetare. <a href=\"https:\/\/arbetet.se\/ai-policy-lo-mediehus\/\" rel=\"nofollow noopener\" target=\"_blank\">L\u00e4s v\u00e5r AI-policy.<\/a><\/p>\n<p>\t\t\t\t\tL\u00e4s mer\n\t\t\t<\/p>\n<p>St\u00e4daren Giulio minns v\u00e4rken som letade sig upp\u00e5t i kroppen, n\u00e4r han st\u00e4dade p\u00e5 olika idrottshallar i Upplands V\u00e4sby. Han var d\u00e4r p\u00e5 uppdrag av sin arbetsgivare, st\u00e4dj\u00e4tten Reng\u00f6rare N\u00e4slund. <\/p>\n<p>St\u00e4dbolaget hade vunnit upphandlingar om st\u00e4dning p\u00e5 kommunens f\u00f6rskolor, skolor och idrottshallar. I ett av kontrakten st\u00e5r det att st\u00e4darna ska ha \u201den god arbetsmilj\u00f6\u201d, men Giulio beskriver en annan verklighet. <\/p>\n<p>Enligt honom hade f\u00f6retaget sagt att tv\u00e5 st\u00e4dare skulle utf\u00f6ra arbetet p\u00e5 idrottshallarna tillsammans, men i verkligheten s\u00e4ger Giulio att han jobbade ensam. <\/p>\n<p>Med tiden fick han fler arbetsuppgifter att g\u00f6ra, men utan att f\u00e5 mer tid. Bland annat beh\u00f6vde han tv\u00e4tta alla smutsiga golvmoppar som andra st\u00e4dare anv\u00e4nt i n\u00e4romr\u00e5det.<\/p>\n<p>N\u00e4r han sa ifr\u00e5n hotade chefen med upps\u00e4gning, enligt Giulio, som egentligen heter n\u00e5got annat. <\/p>\n<p>\u2013 Jag visste att de utnyttjade mig, men jag var tvungen att arbeta f\u00f6r att ha r\u00e5d att leva, s\u00e4ger han. <\/p>\n<p>I dag vill han helst gl\u00f6mma tiden p\u00e5 Reng\u00f6rare N\u00e4slund, ett bolag som tack vare sina l\u00e5ga priser vunnit flera upphandlingar i kommuner de senaste \u00e5ren. I \u00d6ster\u00e5ker och Stockholms stad st\u00e4dar de p\u00e5 skolor tack vare att deras pris \u00e4r \u201dekonomiskt mest f\u00f6rdelaktigt\u201d, enligt kommunernas avtal, som Kommunalarbetaren l\u00e4st.<\/p>\n<p>\t\t\t\t\t\t\t\t\t\tVilka \u00e4r Reng\u00f6rare N\u00e4slund? <\/p>\n<p>F\u00f6retaget grundades 1972 och erbjuder lokalv\u00e5rd p\u00e5 flera st\u00e4llen i mellersta Sverige. De har vunnit flera offentliga upphandlingar, bland annat i \u00d6rebro, \u00d6ster\u00e5ker, Stockholms stad och S\u00f6derk\u00f6ping.\u00a0\u00a0<\/p>\n<p>Tack vare sina framg\u00e5ngar inom offentlig upphandling har f\u00f6retaget \u00f6kat sin vinst. 2024 omsatte\u00a0bolaget mer \u00e4n 500 miljoner kronor,\u00a0enligt \u00e5rsrapporten 2024. Aktie\u00e4garna kunde d\u00e4rf\u00f6r plocka ut cirka 9 miljoner kronor i vinst.\u00a0\u00a0<\/p>\n<p>Facken Kommunal och Solidariska St\u00e4dare varnar f\u00f6r l\u00f6nedumpning och st\u00e4dare som far illa p\u00e5 f\u00f6retaget.\u00a0\u00a0<\/p>\n<p>\t\t\t\t\tL\u00e4s mer\n\t\t\t<\/p>\n<p>Arbetsskada anm\u00e4ldes inte<\/p>\n<p>Det har gynnat aktie\u00e4garna i\u00a0Reng\u00f6rare\u00a0N\u00e4slund. F\u00f6rra \u00e5ret plockade de ut 9 miljoner kronor i vinst, enligt \u00e5rsrapporten. Men st\u00e4daren Giulio fick betala ett annat slags pris f\u00f6r sitt arbete. <\/p>\n<p>I dag g\u00f6r det ont i hans h\u00f6gra axel.<\/p>\n<p>Diagnosen: artros i axeln och nervsm\u00e4rta i br\u00f6stkorgen. Orsaken: \u201d\u00f6verbelastning p\u00e5 jobbet som st\u00e4dare\u201d, enligt l\u00e4karutl\u00e5tande p\u00e5 1177, som Kommunalarbetaren l\u00e4st.\u00a0<\/p>\n<p>Men ingen arbetsskada har anm\u00e4lts till myndigheter.<\/p>\n<p>\u2013 Det \u00e4r jobbigt. Jag var tvungen att jobba mycket och jag fick fysiska skador. Jag k\u00e4nner mig utnyttjad, s\u00e4ger han.<\/p>\n<p>Giulios ber\u00e4ttelse backas upp av facket Kommunal, som kr\u00e4vde att han endast skulle utf\u00f6ra arbetsuppgifter som han fick betalt f\u00f6r. Men Giulio \u00e4r inte ensam om att ha d\u00e5liga minnen fr\u00e5n Reng\u00f6rare N\u00e4slund.<\/p>\n<p>480 timmars \u00f6vertid <\/p>\n<p>2024 br\u00f6t flera st\u00e4dare i Stockholmsomr\u00e5det tystnaden. De anst\u00e4llda vittnade om samma sak: att de inte hade f\u00e5tt betalt f\u00f6r allt arbete hos\u00a0f\u00f6retaget. <\/p>\n<p>Facket Kommunal drev mer \u00e4n\u00a040 fall kopplade till\u00a0Reng\u00f6rare\u00a0N\u00e4slund\u00a0under f\u00f6rra \u00e5ret. <\/p>\n<p>Till exempel hade en\u00a0person jobbat mer \u00e4n 480 timmars \u00f6vertid p\u00e5 ett \u00e5r, utan att f\u00e5 ob-till\u00e4gg f\u00f6r drygt h\u00e4lften av alla timmar, enligt facket.<\/p>\n<p>\u2013 Det \u00e4r katastrof. Kommunerna m\u00e5ste f\u00f6lja upp sina upphandlingar, de m\u00e5ste sk\u00e4rpa sig, s\u00e4ger Lars Frid,\u00a0ombudsman p\u00e5 Kommunal, som arbetar f\u00f6r att s\u00e4tta stopp f\u00f6r fusk och kriminalitet i st\u00e4dbranschen.\u00a0\u00a0<\/p>\n<p>Sedan dess har de flesta \u00e4renden l\u00f6st sig, enligt Kommunal p\u00e5 lokal niv\u00e5, men facket har f\u00e5tt in n\u00e5gra \u00e4renden \u00e4ven i \u00e5r.<\/p>\n<p>Men det stormar p\u00e5 fler s\u00e4tt runt st\u00e4dj\u00e4tten, som har mer \u00e4n 800 anst\u00e4llda under sig. <\/p>\n<p>\t\t\t\t\t\t\t\t\t\t\tVet du mer? <\/p>\n<p>Vi vill g\u00e4rna ha fler tips om detta \u00e4mne. <\/p>\n<p>\t\t\t\t\t<a href=\"https:\/\/arbetet.se\/2025\/12\/23\/giulio-slet-ut-sig-hos-stadjatten-visste-att-de-utnyttjade-mig\/mailto:redaktionen@arbetet.se\" class=\"ServiceTeaser-figureLink\" rel=\"nofollow noopener\" target=\"_blank\"><\/p>\n<p>\t\t\t\t\t<\/a><\/p>\n<p>Brottsmisstankar inom f\u00f6retaget<\/p>\n<p>S\u00e5 sent som i november i \u00e5r protesterade det syndikalistiska facket Solidariska st\u00e4dare, utanf\u00f6r st\u00e4dbolagets huvudkontor, i Stockholm. <\/p>\n<p>Sk\u00e4let \u00e4r att deras medlemmar inte heller f\u00e5tt betalt f\u00f6r allt sitt arbete, rapporterar tidningen <a href=\"https:\/\/www.arbetaren.se\/2025\/11\/13\/lonedumpning-bakom-stadjattens-framgang-nu-satts-bolaget-i-blockad\/?fbclid=IwZXh0bgNhZW0CMTEAc3J0YwZhcHBfaWQKNjYyODU2ODM3OQABHmPa4aVpjhz4OQhsKk7-TfaeLGVy03NVuE3aYdWpY3tQS8h7-XDUXMIznZlU_aem_FQJV3GljYjhOPIYhbm76LQ\" rel=\"nofollow noopener\" target=\"_blank\">Arbetaren<\/a>.<\/p>\n<p>N\u00e4r Kommunalarbetaren tar kontakt med f\u00f6retagets nya vd, Eric Eriksson, vill han inte prata p\u00e5 telefonen. I ett mejl skriver han att Reng\u00f6rare N\u00e4slund och Kommunal har hittat gemensamma l\u00f6sningar p\u00e5 de l\u00f6ne\u00e4renden som p\u00e5gick under 2024, l\u00f6sningar som alla \u00e4r n\u00f6jda med.<\/p>\n<p>I mejlet st\u00e5r det ocks\u00e5 att \u201dfusk eller oegentligheter \u00e4r oacceptabelt\u201d. <\/p>\n<p>Men f\u00f6retaget har ocks\u00e5 gjort en intern utredning. Det hela slutade med en polisanm\u00e4lan kopplat till \u201dbrottsmisstankar\u201d inom f\u00f6retaget. <\/p>\n<p>\u201dAv respekt f\u00f6r det p\u00e5g\u00e5ende utredningsarbetet kommenterar jag inte n\u00e5gra detaljer i nul\u00e4get\u201d, skriver vd:n i mejlet. <\/p>\n<p>N\u00e4r det g\u00e4ller Giulios vittnesm\u00e5l om ett slitsamt arbete \u00e4r det sv\u00e5rt att uttala sig utan att veta mer om situationen, enligt Eric Ericsson. Men st\u00e4dare ska inte jobba p\u00e5 n\u00e5got annat s\u00e4tt \u00e4n det som best\u00e4mts tillsammans med kunden. <\/p>\n<p>\u201dOm n\u00e5gon upplever n\u00e5got annat vill vi g\u00e4rna ta del av den informationen, s\u00e5 att vi kan f\u00f6lja upp direkt. V\u00e5ra kunder ska k\u00e4nna sig trygga med att det arbete de best\u00e4llt ocks\u00e5 \u00e4r det som utf\u00f6rs\u201d, skriver han i ett mejl. <\/p>\n<p>Varningssignaler tidigt <\/p>\n<p>\u00c5ter till Upplands V\u00e4sby. I dag har kommunen inget samarbete med Reng\u00f6rare N\u00e4slund. <\/p>\n<p>Anledningen \u00e4r att st\u00e4dningen inte var tillr\u00e4ckligt bra p\u00e5 skolorna, enligt upphandlingsenheten. Men flera andra kommuner betalar f\u00f6r st\u00e4dbolagets tj\u00e4nster.<\/p>\n<p>Ett exempel \u00e4r Stockholms stad. <\/p>\n<p>Men redan f\u00f6r ett \u00e5r sedan uppt\u00e4ckte att st\u00e4dare fick felaktiga l\u00f6ner. Det svarar Stockholms stad i en enk\u00e4t som Kommunalarbetaren och Fastighetsfolket skickade till alla kommuner, under 2024.<\/p>\n<p>I dag vill upphandlingschefen Maria Ricknell inte svara p\u00e5 fr\u00e5gor om st\u00e4df\u00f6retaget de har upphandlat. <\/p>\n<p>Men i ett mejl skriver hon att skolor nuf\u00f6rtiden endast st\u00e4das p\u00e5 dagtid, f\u00f6r att \u201dfr\u00e4mja en god arbetsmilj\u00f6 f\u00f6r lokalv\u00e5rdarna samt \u00f6ka kontrollm\u00f6jligheterna\u201d.\u00a0<\/p>\n","protected":false},"excerpt":{"rendered":"Artikeln i korthet St\u00e4dj\u00e4tten Reng\u00f6rare N\u00e4slund har inte betalat sina anst\u00e4llda f\u00f6r allt arbete, till exempel \u00f6vertidstimmar, enligt&hellip;\n","protected":false},"author":2,"featured_media":114640,"comment_status":"","ping_status":"","sticky":false,"template":"","format":"standard","meta":{"footnotes":""},"categories":[12],"tags":[22,23,26,27,17,21,24,25,28,29,15,16,18,34,31,33,32,30,19,20],"class_list":{"0":"post-114639","1":"post","2":"type-post","3":"status-publish","4":"format-standard","5":"has-post-thumbnail","7":"category-sverige","8":"tag-breaking-news","9":"tag-breakingnews","10":"tag-featured-news","11":"tag-featurednews","12":"tag-headlines","13":"tag-huvudnyheter","14":"tag-latest-news","15":"tag-latestnews","16":"tag-main-news","17":"tag-mainnews","18":"tag-news","19":"tag-nyheter","20":"tag-rubriker","21":"tag-se","22":"tag-svenska","23":"tag-sverige","24":"tag-sweden","25":"tag-swedish","26":"tag-top-stories","27":"tag-topstories"},"share_on_mastodon":{"url":"https:\/\/pubeurope.com\/@se\/115767839575973713","error":""},"_links":{"self":[{"href":"https:\/\/www.europesays.com\/se\/wp-json\/wp\/v2\/posts\/114639","targetHints":{"allow":["GET"]}}],"collection":[{"href":"https:\/\/www.europesays.com\/se\/wp-json\/wp\/v2\/posts"}],"about":[{"href":"https:\/\/www.europesays.com\/se\/wp-json\/wp\/v2\/types\/post"}],"author":[{"embeddable":true,"href":"https:\/\/www.europesays.com\/se\/wp-json\/wp\/v2\/users\/2"}],"replies":[{"embeddable":true,"href":"https:\/\/www.europesays.com\/se\/wp-json\/wp\/v2\/comments?post=114639"}],"version-history":[{"count":0,"href":"https:\/\/www.europesays.com\/se\/wp-json\/wp\/v2\/posts\/114639\/revisions"}],"wp:featuredmedia":[{"embeddable":true,"href":"https:\/\/www.europesays.com\/se\/wp-json\/wp\/v2\/media\/114640"}],"wp:attachment":[{"href":"https:\/\/www.europesays.com\/se\/wp-json\/wp\/v2\/media?parent=114639"}],"wp:term":[{"taxonomy":"category","embeddable":true,"href":"https:\/\/www.europesays.com\/se\/wp-json\/wp\/v2\/categories?post=114639"},{"taxonomy":"post_tag","embeddable":true,"href":"https:\/\/www.europesays.com\/se\/wp-json\/wp\/v2\/tags?post=114639"}],"curies":[{"name":"wp","href":"https:\/\/api.w.org\/{rel}","templated":true}]}}