{"id":114641,"date":"2025-12-23T08:03:08","date_gmt":"2025-12-23T08:03:08","guid":{"rendered":"https:\/\/www.europesays.com\/se\/114641\/"},"modified":"2025-12-23T08:03:08","modified_gmt":"2025-12-23T08:03:08","slug":"ordforande-har-ordet-december","status":"publish","type":"post","link":"https:\/\/www.europesays.com\/se\/114641\/","title":{"rendered":"Ordf\u00f6rande har ordet | December"},"content":{"rendered":"<p>Nu summerar vi ett h\u00e4ndelserikt 2025!\u00a0<\/p>\n<p>I slut\u00e4ndan \u2013\u00a0 ett axplock av allt som har h\u00e4nt under \u00e5ret.\u00a0<\/p>\n<p><b>\u00c5rets (och varje \u00e5rs) hyllning<\/b><\/p>\n<p>Det arbete som g\u00f6rs \u00e5ret runt av dig som coach, ledare, spelare, domare, medarbetare, intressef\u00f6rening och f\u00f6rtroendevald f\u00f6r att kunna v\u00e4lkomna och beh\u00e5lla alla de som vill b\u00f6rja och forts\u00e4tta spela basket med kompisg\u00e4nget, p\u00e5 bredden och p\u00e5 allra h\u00f6gsta niv\u00e5 \u00e4r en enorm urkraft. Det p\u00e5g\u00e5r fantastisk verksamhet \u00f6ver hela landet vardagar, helger och p\u00e5 lov. Verksamheten \u00e4r o\u00e4ndlig \u2013 seriespel, sammandrag, open court under jullovet, samarbete med andra f\u00f6reningar, och uppstart av nya f\u00f6reningar. Tillsammans forts\u00e4tter vi lyfta svensk basket. Tack!\u00a0<\/p>\n<p><b>\u00c5rets d\u00f6rr- och \u00f6gon\u00f6ppnare<\/b><\/p>\n<p>Arbetet med En sportslig chans, inom ramen f\u00f6r Riksidrottsf\u00f6rbundets satsning Idrottsklivet, har fortsatt att v\u00e4xa och f\u00f6rdjupas. Satsningen finns idag i 32 framtidsomr\u00e5den och omfattar 27\u00a0 f\u00f6reningar i olika delar av landet.\u00a0<\/p>\n<p>F\u00f6r att kunna vara relevanta, trov\u00e4rdiga och h\u00e5llbara \u00f6ver tid beh\u00f6ver vi ocks\u00e5 forts\u00e4tta arbetet in\u00e5t. D\u00e4rf\u00f6r har \u00e4ven fokus legat p\u00e5 att st\u00e4rka interna processer, samverkan och kunskap, inte minst i m\u00f6tet mellan unga, f\u00f6reningar och f\u00f6rbund. Ett tydligt exempel p\u00e5 detta \u00e4r Youth Lab, som under \u00e5ret tagit form som en plattform f\u00f6r ungt inflytande, l\u00e4rande och praktiskt deltagande. Under h\u00f6sten har Youth Lab samlat unga vuxna kring teman som ledarskap och delaktighet, normer och inkludering samt kommunikation och p\u00e5verkan. Arbetet har kombinerat samtal och utbildning med praktiska moment, d\u00e4r deltagarna f\u00e5tt vara med och bidra i verkliga sammanhang kopplade till basketens verksamhet och evenemang.<\/p>\n<p>Vi forts\u00e4tter bygga en stark verksamhet i samh\u00e4llet, samtidigt som vi utvecklar oss sj\u00e4lva som organisation. F\u00f6rst d\u00e5 kan vi p\u00e5 allvar skapa l\u00e5ngsiktig f\u00f6r\u00e4ndring och ge fler en verklig sportslig chans, idag och f\u00f6r framtiden.<\/p>\n<p><b>\u00c5rets sommar!<\/b><\/p>\n<p>Denna sommar var n\u00e5got alldeles speciellt. F\u00f6rutom ungdoms EM f\u00f6r flera \u00e5ldersgrupper s\u00e5 var det en ynnest att se v\u00e5ra landslag senior spela Eurobasket. Vi har sagt det m\u00e5nga g\u00e5nger men det t\u00e5l att upprepas \u2013 f\u00f6r f\u00f6rsta g\u00e5ngen p\u00e5 tjugo \u00e5r kvalificerar vi oss samma \u00e5r.<\/p>\n<p>I juni f\u00f6ljde vi damernas gruppspelsmatcher i Hamburg. Sista matchen mot Spanien togs till f\u00f6rl\u00e4ngning efter ett rutinerat taktiskt beslut av coacherna. Resan tog slut i Hamburg men lagets insatser ger mersmak mot Eurobasket 2027.\u00a0<\/p>\n<p>V\u00e5ra landslag ungdom visade p\u00e5 rej\u00e4l utveckling men ocks\u00e5 delar som vi beh\u00f6ver forts\u00e4tta utveckla i svensk basket. DU18 s\u00e4krade en plats i A-gruppen n\u00e4sta \u00e5r, vilket ocks\u00e5 betyder att det \u00e4r UEM f\u00f6r DU18 i A-gruppen som Sverige st\u00e5r v\u00e4rdar f\u00f6r sommaren <a href=\"http:\/\/2026.du\" rel=\"nofollow noopener\" target=\"_blank\">2026<\/a>. DU20 slutade p\u00e5 en hedrande fj\u00e4rde plats i A-gruppen vilket ocks\u00e5 skapar f\u00f6ruts\u00e4ttningar f\u00f6r sommaren Eurobasket 2027.<\/p>\n<p>I september spelade herrarna gruppspel i Tammerfors och tog sig till \u00e5ttondelsfinal i Riga. En imponerande prestation \u00f6verlag med flera tighta matcher. Turkiet blev i slut\u00e4ndan f\u00f6r tufft trots att Sverige var i ledning i stora delar av matchen.\u00a0<\/p>\n<p>Parallellt spelade landslaget herrar str\u00e5lande basket i EM rullstol\u00a0 i C-gruppen\u00a0vilket betyder spel i B-gruppen i sommaren 2026.\u00a0<\/p>\n<p><b>\u00c5rets raket<\/b><\/p>\n<p>Med Westras distrikt som lok har distriktslagsturneringen nu v\u00e4xt till att engagera de flesta av v\u00e5ra tio distrikt. Turneringen d\u00e4r lagen m\u00f6ts i juni i Kungsbacka har blivit ett nytt m\u00e5l f\u00f6r spelare att tr\u00e4na inf\u00f6r och str\u00e4va mot som spelare. Fantastisk utveckling sedan starten f\u00f6r tre \u00e5r sedan som dessutom bidrar till gemenskap och sammanh\u00e5llning oavsett var du bor under hela \u00e5ret fram till turneringen i juni.\u00a0<\/p>\n<p><b>\u00c5rets m\u00f6jligg\u00f6rare<\/b><\/p>\n<p>I \u00e5r m\u00e5ste det bli Svensk Baskets fantastiska nya och befintliga partners som genom sitt st\u00f6d och engagemang skapar oerh\u00f6rda m\u00f6jligheter f\u00f6r s\u00e5v\u00e4l elit som bredd. I \u00e5r har st\u00f6det v\u00e4xt rej\u00e4lt \u2013 det g\u00f6r och kommer g\u00f6ra enorm skillnad f\u00f6r alla delar i svensk basket fram\u00e5t. Det \u00e4r ov\u00e4rderligt!\u00a0<\/p>\n<p><b>\u00c5rets samverkan<\/b><\/p>\n<p>Under hela 2025 har arbetet med Svensk Baskets kommande strategi p\u00e5g\u00e5tt. Vid en rad digitala m\u00f6tesplatser fr\u00e5n Basketforum i b\u00f6rjan av \u00e5ret till mindre digitala m\u00f6tesplatser under h\u00f6sten. I samband med F\u00f6rbundseriekonferensen och i m\u00f6ten tillsammans med distrikten. I samband med landskampen i G\u00f6teborg samt i mitten p\u00e5 december finslipades alla inspel ytterligare av medarbetare, f\u00f6rbundsstyrelse och representanter fr\u00e5n distrikt i olika konstellationer. Mycket tid har lagts ner av m\u00e5nga. Utkast till kommande strategi kommer att skickas ut till samtliga r\u00f6stber\u00e4ttigade i b\u00f6rjan av 2026 inf\u00f6r beslut p\u00e5 F\u00f6rbundsm\u00f6tet i april 2026. Tack till dig som har varit med en eller flera g\u00e5nger och bidragit i arbetet!\u00a0<\/p>\n<p><b>\u00c5rets siffror<\/b><\/p>\n<p>Och lyft har vi gjort. Igen. Vi har \u00f6kat tredje mest i LOK-st\u00f6dsaktiviteter av alla idrotter (fotboll och handboll \u00e4r f\u00f6re) mellan \u00e5ren 2019 \u2013 2024. Antalet unika deltagare p\u00e5 v\u00e5ra utbildningar har aldrig varit fler, antalet unika bes\u00f6kare p\u00e5 basket.se (550\u00b4000) samt att vi nu har n\u00e5tt 120\u2019000 f\u00f6ljare i v\u00e5ra sociala medier-kanaler. Under 2025 har vi publicerat 7000+ inl\u00e4gg i v\u00e5ra kanaler, dvs vart 45:e minut. 292 lag deltar i Ungdoms SM, en fortsatt \u00f6kning j\u00e4mf\u00f6rt med fjol\u00e5rets rekord.<\/p>\n<p><b>\u00c5ret gulaste\u00a0<\/b><\/p>\n<p>28 072 \u00e5sk\u00e5dare s\u00e5g v\u00e5ra landslag senior live under 2025. En stor \u00f6kning fr\u00e5n \u00e5ret innan. 9 128 fans s\u00e5g f\u00f6rsta g\u00e5ngen n\u00e5gonsin landslagsbasket i Scandinavium och hela arenan kl\u00e4ddes i gula t-shirts (Tack Skandia!). 13:e spelaren gjorde sitt yttersta f\u00f6r att hj\u00e4lpa laget mot vinst.\u00a0<\/p>\n<p><b>Inf\u00f6r 2026<\/b><\/p>\n<p>Efter \u00e5rsskiftet kommer annons f\u00f6r rekrytering av generalsekreterare att publiceras. F\u00f6rbundsstyrelsen har beslutat att genomf\u00f6ra rekrytering parallellt med att tf generalsekreterare Peter \u00d6qvist forts\u00e4tter sitt arbete. Rekryteringsgruppen best\u00e5r av delar av f\u00f6rbundsstyrelsen \u2013 vice ordf\u00f6rande Carin J\u00e4mtin, ledamot Anders R\u00f6nnmark och mig sj\u00e4lv. Representanter fr\u00e5n distrikt, ligaf\u00f6reningar och medarbetare har varit med i framtagandet av kravprofilen.\u00a0<\/p>\n<p>Save the date \u2013 Den 11 april genomf\u00f6rs F\u00f6rbundsm\u00f6te 2026 \u2013 du kan vara med antingen live eller digitalt.\u00a0<\/p>\n<p>H\u00e5ll utkik! F\u00f6rberedelserna f\u00f6r UEM D18 i Kista utanf\u00f6r Stockholm 1-9 augusti p\u00e5g\u00e5r f\u00f6r fullt. I b\u00f6rjan av \u00e5ret kommer bland annat anm\u00e4lan ut f\u00f6r dig som vill vara med och bidra som volont\u00e4r under evenemanget.<\/p>\n<p><b>Till slut.\u00a0<\/b><\/p>\n<p>Ett varmt tack till medarbetare och kollegor p\u00e5 kansli och i f\u00f6rbundsstyrelsen f\u00f6r fantastiskt arbete och gott samarbete.\u00a0\u00a0<\/p>\n<p>Jag \u00f6nskar dig riktigt sk\u00f6na helger!<\/p>\n<p>\/Susanne Jidesten, ordf\u00f6rande Svensk basket<\/p>\n","protected":false},"excerpt":{"rendered":"Nu summerar vi ett h\u00e4ndelserikt 2025!\u00a0 I slut\u00e4ndan \u2013\u00a0 ett axplock av allt som har h\u00e4nt under \u00e5ret.\u00a0&hellip;\n","protected":false},"author":2,"featured_media":114642,"comment_status":"","ping_status":"","sticky":false,"template":"","format":"standard","meta":{"footnotes":""},"categories":[5],"tags":[22,23,26,27,17,21,24,25,28,29,15,16,18,34,31,33,32,30,19,20],"class_list":{"0":"post-114641","1":"post","2":"type-post","3":"status-publish","4":"format-standard","5":"has-post-thumbnail","7":"category-rubriker","8":"tag-breaking-news","9":"tag-breakingnews","10":"tag-featured-news","11":"tag-featurednews","12":"tag-headlines","13":"tag-huvudnyheter","14":"tag-latest-news","15":"tag-latestnews","16":"tag-main-news","17":"tag-mainnews","18":"tag-news","19":"tag-nyheter","20":"tag-rubriker","21":"tag-se","22":"tag-svenska","23":"tag-sverige","24":"tag-sweden","25":"tag-swedish","26":"tag-top-stories","27":"tag-topstories"},"share_on_mastodon":{"url":"https:\/\/pubeurope.com\/@se\/115767843457155632","error":""},"_links":{"self":[{"href":"https:\/\/www.europesays.com\/se\/wp-json\/wp\/v2\/posts\/114641","targetHints":{"allow":["GET"]}}],"collection":[{"href":"https:\/\/www.europesays.com\/se\/wp-json\/wp\/v2\/posts"}],"about":[{"href":"https:\/\/www.europesays.com\/se\/wp-json\/wp\/v2\/types\/post"}],"author":[{"embeddable":true,"href":"https:\/\/www.europesays.com\/se\/wp-json\/wp\/v2\/users\/2"}],"replies":[{"embeddable":true,"href":"https:\/\/www.europesays.com\/se\/wp-json\/wp\/v2\/comments?post=114641"}],"version-history":[{"count":0,"href":"https:\/\/www.europesays.com\/se\/wp-json\/wp\/v2\/posts\/114641\/revisions"}],"wp:featuredmedia":[{"embeddable":true,"href":"https:\/\/www.europesays.com\/se\/wp-json\/wp\/v2\/media\/114642"}],"wp:attachment":[{"href":"https:\/\/www.europesays.com\/se\/wp-json\/wp\/v2\/media?parent=114641"}],"wp:term":[{"taxonomy":"category","embeddable":true,"href":"https:\/\/www.europesays.com\/se\/wp-json\/wp\/v2\/categories?post=114641"},{"taxonomy":"post_tag","embeddable":true,"href":"https:\/\/www.europesays.com\/se\/wp-json\/wp\/v2\/tags?post=114641"}],"curies":[{"name":"wp","href":"https:\/\/api.w.org\/{rel}","templated":true}]}}