{"id":114648,"date":"2025-12-23T08:20:08","date_gmt":"2025-12-23T08:20:08","guid":{"rendered":"https:\/\/www.europesays.com\/se\/114648\/"},"modified":"2025-12-23T08:20:08","modified_gmt":"2025-12-23T08:20:08","slug":"h-m-drottningen-fyller-82-ar","status":"publish","type":"post","link":"https:\/\/www.europesays.com\/se\/114648\/","title":{"rendered":"H.M. Drottningen fyller 82 \u00e5r"},"content":{"rendered":"<p class=\"normal\">Drottningen f\u00f6ddes i Heidelberg i Tyskland den 23 december 1943.<\/p>\n<p class=\"normal\">Drottningens f\u00f6delsedag \u00e4r en allm\u00e4n flaggdag. F\u00f6delsedagen \u00e4r ocks\u00e5 en officiell salutdag. F\u00f6rsvarsmakten skjuter d\u00e4rf\u00f6r salut om 21 skott fr\u00e5n Skeppsholmens salutstation i Stockholm samt fr\u00e5n salutstationerna i Boden, H\u00e4rn\u00f6sand, Karlskrona och G\u00f6teborg.<\/p>\n<p class=\"normal\">Drottningen firar sin f\u00f6delsedag privat med familjen.<\/p>\n","protected":false},"excerpt":{"rendered":"Drottningen f\u00f6ddes i Heidelberg i Tyskland den 23 december 1943. Drottningens f\u00f6delsedag \u00e4r en allm\u00e4n flaggdag. F\u00f6delsedagen \u00e4r&hellip;\n","protected":false},"author":2,"featured_media":114649,"comment_status":"","ping_status":"","sticky":false,"template":"","format":"standard","meta":{"footnotes":""},"categories":[12],"tags":[22,23,26,27,17,21,24,25,28,29,15,16,18,34,31,33,32,30,19,20],"class_list":{"0":"post-114648","1":"post","2":"type-post","3":"status-publish","4":"format-standard","5":"has-post-thumbnail","7":"category-sverige","8":"tag-breaking-news","9":"tag-breakingnews","10":"tag-featured-news","11":"tag-featurednews","12":"tag-headlines","13":"tag-huvudnyheter","14":"tag-latest-news","15":"tag-latestnews","16":"tag-main-news","17":"tag-mainnews","18":"tag-news","19":"tag-nyheter","20":"tag-rubriker","21":"tag-se","22":"tag-svenska","23":"tag-sverige","24":"tag-sweden","25":"tag-swedish","26":"tag-top-stories","27":"tag-topstories"},"share_on_mastodon":{"url":"https:\/\/pubeurope.com\/@se\/115767910380633216","error":""},"_links":{"self":[{"href":"https:\/\/www.europesays.com\/se\/wp-json\/wp\/v2\/posts\/114648","targetHints":{"allow":["GET"]}}],"collection":[{"href":"https:\/\/www.europesays.com\/se\/wp-json\/wp\/v2\/posts"}],"about":[{"href":"https:\/\/www.europesays.com\/se\/wp-json\/wp\/v2\/types\/post"}],"author":[{"embeddable":true,"href":"https:\/\/www.europesays.com\/se\/wp-json\/wp\/v2\/users\/2"}],"replies":[{"embeddable":true,"href":"https:\/\/www.europesays.com\/se\/wp-json\/wp\/v2\/comments?post=114648"}],"version-history":[{"count":0,"href":"https:\/\/www.europesays.com\/se\/wp-json\/wp\/v2\/posts\/114648\/revisions"}],"wp:featuredmedia":[{"embeddable":true,"href":"https:\/\/www.europesays.com\/se\/wp-json\/wp\/v2\/media\/114649"}],"wp:attachment":[{"href":"https:\/\/www.europesays.com\/se\/wp-json\/wp\/v2\/media?parent=114648"}],"wp:term":[{"taxonomy":"category","embeddable":true,"href":"https:\/\/www.europesays.com\/se\/wp-json\/wp\/v2\/categories?post=114648"},{"taxonomy":"post_tag","embeddable":true,"href":"https:\/\/www.europesays.com\/se\/wp-json\/wp\/v2\/tags?post=114648"}],"curies":[{"name":"wp","href":"https:\/\/api.w.org\/{rel}","templated":true}]}}