{"id":114650,"date":"2025-12-23T08:21:09","date_gmt":"2025-12-23T08:21:09","guid":{"rendered":"https:\/\/www.europesays.com\/se\/114650\/"},"modified":"2025-12-23T08:21:09","modified_gmt":"2025-12-23T08:21:09","slug":"taby-en-av-sveriges-effektivaste-kommuner","status":"publish","type":"post","link":"https:\/\/www.europesays.com\/se\/114650\/","title":{"rendered":"T\u00e4by &#8211; en av Sveriges effektivaste kommuner &#8211;"},"content":{"rendered":"<p>T\u00e4by \u00e4r en av Sveriges effektivaste kommuner. Det blir tydligt n\u00e4r vi tittat p\u00e5<a href=\"https:\/\/skattebetalarna.se\/kommungranskningen\/\" rel=\"nofollow noopener\" target=\"_blank\"> b\u00e5de vilka kostnader och vilken kvalitet<\/a> landets 290 kommuner har p\u00e5 fyra verksamhetsomr\u00e5den.<\/p>\n<p>I arbetet med att granska hur bra Sveriges kommuner \u00e4r p\u00e5 att leverera v\u00e4lf\u00e4rdstj\u00e4nster till sina medborgare s\u00e5 effektivt som m\u00f6jligt med h\u00e4nsyn till sina skattebetalare kommer allts\u00e5 T\u00e4by ut p\u00e5 topp. Det \u00e4r en del av ett m\u00f6nster, d\u00e4r medelstora kommuner n\u00e4ra storst\u00e4der \u00f6verlag lyckas bra. N\u00e4rheten till en stark arbetsmarknad g\u00f6r att kommunerna \u00e4r attraktiva, b\u00e5de att bo i och arbeta f\u00f6r. Samtidigt \u00e4r konkurrensen h\u00e5rd. Inflyttade familjer v\u00e4ljer med omsorg var man flyttar n\u00e4r man flyttar till en arbetsmarknadsregion. Och skillnaden \u00e4r stor, \u00e4ven mellan liknande kommuner. V\u00e5r VD Christian Ekstr\u00f6m och chefekonom Erik Bengtzboe \u00e5kte d\u00e4rf\u00f6r ut och bes\u00f6kte kommunledningen i T\u00e4by, under ledning av Erik Andersson, KSO.<\/p>\n<p>T\u00e4by, som ligger strax utanf\u00f6r Stockholm, \u00e4r hem f\u00f6r n\u00e4stan 80 000 inv\u00e5nare. Med landets sj\u00e4tte l\u00e4gsta kommunalskatt \u00e4r man kostnads m\u00e4ssigt ett f\u00f6red\u00f6me. Men \u00e4ven kvaliteten h\u00e5ller h\u00f6g niv\u00e5. Exempelvis h\u00e5ller grundskolan, enligt databasen Kolada, den b\u00e4sta kvaliteten bland st\u00f6rre kommuner.<\/p>\n<p>Vad \u00e4r det d\u00e5 som g\u00f6r att T\u00e4by klarar av att leverera bra, ofta till och med b\u00e4ttre resultat, \u00e4n andra, och till en relativt l\u00e5g kostnad?<\/p>\n<p>F\u00f6rklaringarna \u00e4r s\u00e5 klart m\u00e5nga. \u00c5r av l\u00e5ngsiktighet i den ekonomiska planeringen har skapat en god grund och en god kultur d\u00e4r politiska beslut om kostnader och investeringar inte fattas l\u00e4ttv\u00e4ndigt. Man h\u00e5ller helt enkelt h\u00e5rt i skattebetalarnas pengar och utreder alternativ noggrant innan man fattar beslut. Politisk stabilitet d\u00e4r inte f\u00f6ruts\u00e4ttningarna f\u00f6r\u00e4ndras var fj\u00e4rde \u00e5r spelar roll f\u00f6r l\u00e5ngsiktigheten. Kommunledningen lyfter sj\u00e4lva dessutom fram att en tydlig uppdelning av ansvar mellan politiken och tj\u00e4nstem\u00e4n \u00e4r viktig. Och att den l\u00e5ga skattesatsen hj\u00e4lper till att h\u00e4mma sl\u00f6seri. Det \u00e4r helt enkelt aldrig ett alternativ att f\u00f6rs\u00f6ka l\u00f6sa problem genom att bara kasta pengar p\u00e5 dem.<\/p>\n<p>M\u00e5nga mellanstora kommuner n\u00e4ra storst\u00e4der \u00e4r effektivare \u00e4n genomsnittet. Det \u00e4r m\u00f6jligt f\u00f6r kommunledningen att ha uppsikt \u00f6ver stora delar av verksamheten, s\u00e5 l\u00e4nge man inte l\u00e5ter den sv\u00e4lla genom att ge sig in i verksamheter som inte tillh\u00f6r k\u00e4rnuppdraget. Men T\u00e4by bekr\u00e4ftar \u00e4ven att externa v\u00e4lf\u00e4rdsakt\u00f6rer sporrar kommunen att h\u00e5lla god kostnadskontroll, n\u00e5got vi ocks\u00e5 kan se som ett generellt m\u00f6nster.<\/p>\n<p>Fler kommuner skulle kunna bli effektivare av att l\u00e4ra av varandra. \u00c4ven om f\u00f6ruts\u00e4ttningarna \u00e4r olika i olika kommuner och olika verksamheter finns mycket att h\u00e4mta hos andra kommuner. Och fler kommuner borde titta p\u00e5 T\u00e4by, inte minst f\u00f6r att l\u00e4ra sig hur man f\u00e5r till en l\u00e5ngsiktig ekonomisk planering som skapar goda f\u00f6ruts\u00e4ttningar f\u00f6r b\u00e4ttre effektivitet. Och l\u00e4gre skatt.<\/p>\n<p>L\u00e4s mer om hur T\u00e4by presterar i j\u00e4mf\u00f6relse med andra i <a href=\"https:\/\/skattebetalarna.se\/wp-content\/uploads\/2025\/09\/Sverige-slosar_2025_91-forlorade-miljarder.pdf\" rel=\"nofollow noopener\" target=\"_blank\">rapporten Sverige Sl\u00f6sar?<\/a>.<\/p>\n","protected":false},"excerpt":{"rendered":"T\u00e4by \u00e4r en av Sveriges effektivaste kommuner. Det blir tydligt n\u00e4r vi tittat p\u00e5 b\u00e5de vilka kostnader och&hellip;\n","protected":false},"author":2,"featured_media":114651,"comment_status":"","ping_status":"","sticky":false,"template":"","format":"standard","meta":{"footnotes":""},"categories":[5],"tags":[22,23,26,27,17,21,12454,24,25,28,29,15,16,18,34,31,33,32,30,19,20],"class_list":{"0":"post-114650","1":"post","2":"type-post","3":"status-publish","4":"format-standard","5":"has-post-thumbnail","7":"category-rubriker","8":"tag-breaking-news","9":"tag-breakingnews","10":"tag-featured-news","11":"tag-featurednews","12":"tag-headlines","13":"tag-huvudnyheter","14":"tag-kommunsloseri","15":"tag-latest-news","16":"tag-latestnews","17":"tag-main-news","18":"tag-mainnews","19":"tag-news","20":"tag-nyheter","21":"tag-rubriker","22":"tag-se","23":"tag-svenska","24":"tag-sverige","25":"tag-sweden","26":"tag-swedish","27":"tag-top-stories","28":"tag-topstories"},"share_on_mastodon":{"url":"https:\/\/pubeurope.com\/@se\/115767914202292605","error":""},"_links":{"self":[{"href":"https:\/\/www.europesays.com\/se\/wp-json\/wp\/v2\/posts\/114650","targetHints":{"allow":["GET"]}}],"collection":[{"href":"https:\/\/www.europesays.com\/se\/wp-json\/wp\/v2\/posts"}],"about":[{"href":"https:\/\/www.europesays.com\/se\/wp-json\/wp\/v2\/types\/post"}],"author":[{"embeddable":true,"href":"https:\/\/www.europesays.com\/se\/wp-json\/wp\/v2\/users\/2"}],"replies":[{"embeddable":true,"href":"https:\/\/www.europesays.com\/se\/wp-json\/wp\/v2\/comments?post=114650"}],"version-history":[{"count":0,"href":"https:\/\/www.europesays.com\/se\/wp-json\/wp\/v2\/posts\/114650\/revisions"}],"wp:featuredmedia":[{"embeddable":true,"href":"https:\/\/www.europesays.com\/se\/wp-json\/wp\/v2\/media\/114651"}],"wp:attachment":[{"href":"https:\/\/www.europesays.com\/se\/wp-json\/wp\/v2\/media?parent=114650"}],"wp:term":[{"taxonomy":"category","embeddable":true,"href":"https:\/\/www.europesays.com\/se\/wp-json\/wp\/v2\/categories?post=114650"},{"taxonomy":"post_tag","embeddable":true,"href":"https:\/\/www.europesays.com\/se\/wp-json\/wp\/v2\/tags?post=114650"}],"curies":[{"name":"wp","href":"https:\/\/api.w.org\/{rel}","templated":true}]}}