{"id":114655,"date":"2025-12-23T08:28:08","date_gmt":"2025-12-23T08:28:08","guid":{"rendered":"https:\/\/www.europesays.com\/se\/114655\/"},"modified":"2025-12-23T08:28:08","modified_gmt":"2025-12-23T08:28:08","slug":"eksjo-tingsratt-soker-sommarnotarie-sveriges-domstolar","status":"publish","type":"post","link":"https:\/\/www.europesays.com\/se\/114655\/","title":{"rendered":"Eksj\u00f6 tingsr\u00e4tt s\u00f6ker sommarnotarie &#8211; Sveriges Domstolar"},"content":{"rendered":"<p>\u00c4r du juriststuderande och vill f\u00e5 praktisk erfarenhet av domstolsarbetet? Funderar du kanske p\u00e5 en framtid inom r\u00e4ttsv\u00e4sendet? V\u00e4lkommen att s\u00f6ka sommarnotarietj\u00e4nstg\u00f6ring vid Eksj\u00f6 tingsr\u00e4tt.<\/p>\n<p>Om oss<\/p>\n<p>Eksj\u00f6 tingsr\u00e4tt \u00e4r en \u00f6ppen och utvecklingsinriktad arbetsplats med engagerade medarbetare. Vi \u00e4r idag omkring 25 anst\u00e4llda och tingsr\u00e4tten har en m\u00e5lenhet och en administrativ enhet. Arbetsplatsen pr\u00e4glas av n\u00e4ra samarbete mellan medarbetarna.<\/p>\n<p>Vi hanterar omkring 2 500 m\u00e5l och \u00e4renden per \u00e5r. Till tingsr\u00e4tten \u00e4r drygt 45 n\u00e4mndem\u00e4n knutna. Tingsr\u00e4ttens domsaga utg\u00f6rs av Eksj\u00f6, Vetlanda, N\u00e4ssj\u00f6, S\u00e4vsj\u00f6, Aneby och Tran\u00e5s kommuner.<\/p>\n<p>Tillsammans med \u00f6vriga domstolar i landet utg\u00f6r tingsr\u00e4tten grunden i r\u00e4ttsv\u00e4sendet och \u00e4r en grundpelare i det demokratiska samh\u00e4llet.<\/p>\n<p>Huvudsakliga arbetsuppgifter<\/p>\n<p>Som sommarnotarie kommer du att f\u00e5 delta i det dagliga arbetet och d\u00e4rmed f\u00e5 inblick i de olika arbetsuppgifterna som f\u00f6rekommer p\u00e5 tingsr\u00e4tten. Arbetsuppgifterna motsvarar till stor del de arbetsuppgifter som nyanst\u00e4llda tingsnotarier utf\u00f6r vid tingsr\u00e4tten. Du f\u00e5r se hur praktiskt domstolsarbete g\u00e5r till. I arbetet som sommarnotarie ing\u00e5r bland annat att delta i beredning av m\u00e5l och \u00e4renden, f\u00f6ra protokoll vid f\u00f6rhandlingar, skriva f\u00f6rslag till domar och beslut samt g\u00f6ra r\u00e4ttsutredningar. \u00c4ven andra arbetsuppgifter som f\u00f6rekommer p\u00e5 tingsr\u00e4tten kan komma att ing\u00e5 i tj\u00e4nsten.<\/p>\n<p>Det \u00f6vergripande m\u00e5let med sommarnotarietj\u00e4nstg\u00f6ringen \u00e4r att ge sommarnotarien inblick i det dagliga domstolsarbetet samt i de olika m\u00e5l och \u00e4renden som f\u00f6rekommer vid en tingsr\u00e4tt. Detta sker framf\u00f6r allt genom att du ges m\u00f6jlighet att delta i det praktiska arbetet, vilket ocks\u00e5 kan innefatta uppgifter p\u00e5 tingsr\u00e4ttens kansli.<\/p>\n<p>Eksj\u00f6 tingsr\u00e4tt s\u00f6ker nu en sommarnotarie under perioden den 22 juni-9 augusti 2026, med eventuell f\u00f6rl\u00e4ngning, ytterligare n\u00e5gon vecka.<\/p>\n<p>Kvalifikationer<\/p>\n<p>Vi s\u00f6ker dig som studerar p\u00e5 juristprogrammet och som till sommaren kommer vara godk\u00e4nd minst till och med termin sex p\u00e5 juristprogrammet. Du ska ha genomf\u00f6rt processr\u00e4tt samt straff- och civilr\u00e4tt i juristutbildningen, men du ska inte ha avslutat din utbildning f\u00f6re sommaren.<\/p>\n<p>Du har goda betyg fr\u00e5n genomf\u00f6rda delar av juristutbildningen liksom goda kunskaper i svenska spr\u00e5ket i tal och skrift. Du f\u00f6rmedlar information tydligt och enkelt, b\u00e5de muntligt och skriftligt. Andra viktiga egenskaper \u00e4r noggrannhet, analytisk f\u00f6rm\u00e5ga, samt mycket god samarbetsf\u00f6rm\u00e5ga.<\/p>\n<p>Intervjuer till\u00e4mpas ofta inte f\u00f6r denna korta anst\u00e4llning utan stor vikt kommer att l\u00e4ggas vid ditt personliga brev och hur du motiverar ditt intresse f\u00f6r att arbeta som sommarnotarie vid v\u00e5r domstol. Intervjuer kan dock eventuellt bli aktuellt.<\/p>\n<p>F\u00f6r att bli aktuell f\u00f6r anst\u00e4llning kr\u00e4vs att du motsvarar h\u00f6gt st\u00e4llda krav g\u00e4llande omd\u00f6me, s\u00e4kerhetsmedvetande och l\u00e4mplighet. Det inneb\u00e4r att du st\u00e5r upp f\u00f6r demokratiska v\u00e4rderingar och den statliga v\u00e4rdegrund som ligger till grund f\u00f6r domstolarnas verksamhet. Vi st\u00e4ller krav p\u00e5 att du f\u00f6ljer g\u00e4llande lagar.<\/p>\n<p>Eftersom tj\u00e4nsten f\u00f6ruts\u00e4tter att du snabbt kommer in i nya arbetsuppgifter, och en mycket god samarbetsf\u00f6rm\u00e5ga, kommer stor vikt att l\u00e4ggas vid dina personliga egenskaper. Vi kommer eventuellt att arbeta med l\u00f6pande urval och intervjuer s\u00e5 du \u00e4r v\u00e4lkommen med din ans\u00f6kan redan idag!<\/p>\n<p>Praktisk Information<\/p>\n<p>Anst\u00e4llningen avser ett vikariat fr\u00e5n och med den 22 juni 2026 till och med den 9 augusti 2026, med eventuell f\u00f6rl\u00e4ngning ytterligare n\u00e5gon vecka.<\/p>\n<p>Sista ans\u00f6kningsdag \u00e4r den 13 januari 2026.<\/p>\n<p>G\u00f6r en digital ans\u00f6kan.<\/p>\n<p>Bifoga f\u00f6ljande:<\/p>\n<p>\u00b7\u00a0\u00a0\u00a0\u00a0\u00a0\u00a0\u00a0\u00a0 ett personligt brev d\u00e4r du beskriver varf\u00f6r du s\u00f6ker anst\u00e4llningen som sommarnotarie hos oss.<\/p>\n<p>\u00b7\u00a0\u00a0\u00a0\u00a0\u00a0\u00a0\u00a0\u00a0 CV<\/p>\n<p>\u00b7\u00a0\u00a0\u00a0\u00a0\u00a0\u00a0\u00a0\u00a0 Betygsutdrag fr\u00e5n genomf\u00f6rda delar av juristprogrammet. Det \u00e4r viktigt att du fyller i samtliga f\u00e4lt i det digitala ans\u00f6kningsverktyget.<\/p>\n<p>Inf\u00f6r anst\u00e4llning kan det bli aktuellt med registerkontroller.<\/p>\n<p>\u00d6vrigt<\/p>\n<p>F\u00f6r att s\u00e4kerst\u00e4lla en inkluderande och r\u00e4ttvis rekryteringsprocess till\u00e4mpar Sveriges Domstolar kompetensbaserad rekrytering. V\u00e5rt urval bygger p\u00e5 kandidaternas kompetenser och meriter.<\/p>\n<p>Vi undanbeder oss v\u00e4nligen men best\u00e4mt direktkontakt med bemannings- och rekryteringsf\u00f6retag samt f\u00f6rs\u00e4ljare av ytterligare jobbannonser.<\/p>\n","protected":false},"excerpt":{"rendered":"\u00c4r du juriststuderande och vill f\u00e5 praktisk erfarenhet av domstolsarbetet? Funderar du kanske p\u00e5 en framtid inom r\u00e4ttsv\u00e4sendet?&hellip;\n","protected":false},"author":2,"featured_media":114656,"comment_status":"","ping_status":"","sticky":false,"template":"","format":"standard","meta":{"footnotes":""},"categories":[12],"tags":[22,23,26,27,17,21,24,25,28,29,15,16,18,34,31,33,32,30,19,20],"class_list":{"0":"post-114655","1":"post","2":"type-post","3":"status-publish","4":"format-standard","5":"has-post-thumbnail","7":"category-sverige","8":"tag-breaking-news","9":"tag-breakingnews","10":"tag-featured-news","11":"tag-featurednews","12":"tag-headlines","13":"tag-huvudnyheter","14":"tag-latest-news","15":"tag-latestnews","16":"tag-main-news","17":"tag-mainnews","18":"tag-news","19":"tag-nyheter","20":"tag-rubriker","21":"tag-se","22":"tag-svenska","23":"tag-sverige","24":"tag-sweden","25":"tag-swedish","26":"tag-top-stories","27":"tag-topstories"},"share_on_mastodon":{"url":"https:\/\/pubeurope.com\/@se\/115767941834659804","error":""},"_links":{"self":[{"href":"https:\/\/www.europesays.com\/se\/wp-json\/wp\/v2\/posts\/114655","targetHints":{"allow":["GET"]}}],"collection":[{"href":"https:\/\/www.europesays.com\/se\/wp-json\/wp\/v2\/posts"}],"about":[{"href":"https:\/\/www.europesays.com\/se\/wp-json\/wp\/v2\/types\/post"}],"author":[{"embeddable":true,"href":"https:\/\/www.europesays.com\/se\/wp-json\/wp\/v2\/users\/2"}],"replies":[{"embeddable":true,"href":"https:\/\/www.europesays.com\/se\/wp-json\/wp\/v2\/comments?post=114655"}],"version-history":[{"count":0,"href":"https:\/\/www.europesays.com\/se\/wp-json\/wp\/v2\/posts\/114655\/revisions"}],"wp:featuredmedia":[{"embeddable":true,"href":"https:\/\/www.europesays.com\/se\/wp-json\/wp\/v2\/media\/114656"}],"wp:attachment":[{"href":"https:\/\/www.europesays.com\/se\/wp-json\/wp\/v2\/media?parent=114655"}],"wp:term":[{"taxonomy":"category","embeddable":true,"href":"https:\/\/www.europesays.com\/se\/wp-json\/wp\/v2\/categories?post=114655"},{"taxonomy":"post_tag","embeddable":true,"href":"https:\/\/www.europesays.com\/se\/wp-json\/wp\/v2\/tags?post=114655"}],"curies":[{"name":"wp","href":"https:\/\/api.w.org\/{rel}","templated":true}]}}