{"id":114667,"date":"2025-12-23T08:36:09","date_gmt":"2025-12-23T08:36:09","guid":{"rendered":"https:\/\/www.europesays.com\/se\/114667\/"},"modified":"2025-12-23T08:36:09","modified_gmt":"2025-12-23T08:36:09","slug":"stulna-julklappar-hittade-i-vasteras","status":"publish","type":"post","link":"https:\/\/www.europesays.com\/se\/114667\/","title":{"rendered":"Stulna julklappar hittade i V\u00e4ster\u00e5s"},"content":{"rendered":"<p class=\"boxtextgrotesk-root_baa6 hyperion-css-7pajle\">Uppdaterad 08.59 | Publicerad 08.04<\/p>\n<p>share-arrowDela<\/p>\n<p>unsaveSpara<\/p>\n<p class=\"hyperion-css-1shl3oz\" data-test-tag=\"lead-text\">Allm\u00e4nheten slog larm efter att julklappar hittats i V\u00e4ster\u00e5s. <\/p>\n<p class=\"hyperion-css-1shl3oz\" data-test-tag=\"lead-text\">De visade sig ha stulits fr\u00e5n en bil.<\/p>\n<p class=\"hyperion-css-1v9qo5x\">N\u00e5gon har slagit larm till polisen efter att ha hittat en vespa samt v\u00e4skor och julklappar som misst\u00e4nktes blivit stulna i <a data-test-tag=\"internal-link\" href=\"https:\/\/www.aftonbladet.se\/lokala-nyheter\/vasteras\" class=\"hyperion-css-15jkft9\" rel=\"nofollow noopener\" target=\"\" aria-label=\"V\u00e4ster\u00e5s\">V\u00e4ster\u00e5s<\/a>. <\/p>\n<p class=\"hyperion-css-1v9qo5x\">Polisen kunde sp\u00e5ra allt f\u00f6rutom vespan till en kvinna i 25-\u00e5rs\u00e5ldern som haft inbrott i sin bil. <\/p>\n<p class=\"hyperion-css-1v9qo5x\">\u2013 Hon har \u00e4ven blivit av med en jacka, det verkar vara den som var mest intressant h\u00e4r och den \u00e4r inte \u00e5terfunnen, s\u00e4ger polisens presstalesperson Magnus Jansson Klarin. <\/p>\n<p class=\"hyperion-css-1v9qo5x\">En anm\u00e4lan om st\u00f6ld har uppr\u00e4ttats och b\u00e5de julklappar, v\u00e4skor och vespan har kunnat \u00e5terl\u00e4mnas till sina \u00e4gare.<\/p>\n","protected":false},"excerpt":{"rendered":"Uppdaterad 08.59 | Publicerad 08.04 share-arrowDela unsaveSpara Allm\u00e4nheten slog larm efter att julklappar hittats i V\u00e4ster\u00e5s. De visade&hellip;\n","protected":false},"author":2,"featured_media":114668,"comment_status":"","ping_status":"","sticky":false,"template":"","format":"standard","meta":{"footnotes":""},"categories":[12],"tags":[22,23,26,27,17,21,24,25,28,29,15,16,18,34,31,33,32,30,19,20],"class_list":{"0":"post-114667","1":"post","2":"type-post","3":"status-publish","4":"format-standard","5":"has-post-thumbnail","7":"category-sverige","8":"tag-breaking-news","9":"tag-breakingnews","10":"tag-featured-news","11":"tag-featurednews","12":"tag-headlines","13":"tag-huvudnyheter","14":"tag-latest-news","15":"tag-latestnews","16":"tag-main-news","17":"tag-mainnews","18":"tag-news","19":"tag-nyheter","20":"tag-rubriker","21":"tag-se","22":"tag-svenska","23":"tag-sverige","24":"tag-sweden","25":"tag-swedish","26":"tag-top-stories","27":"tag-topstories"},"share_on_mastodon":{"url":"https:\/\/pubeurope.com\/@se\/115767973173258000","error":""},"_links":{"self":[{"href":"https:\/\/www.europesays.com\/se\/wp-json\/wp\/v2\/posts\/114667","targetHints":{"allow":["GET"]}}],"collection":[{"href":"https:\/\/www.europesays.com\/se\/wp-json\/wp\/v2\/posts"}],"about":[{"href":"https:\/\/www.europesays.com\/se\/wp-json\/wp\/v2\/types\/post"}],"author":[{"embeddable":true,"href":"https:\/\/www.europesays.com\/se\/wp-json\/wp\/v2\/users\/2"}],"replies":[{"embeddable":true,"href":"https:\/\/www.europesays.com\/se\/wp-json\/wp\/v2\/comments?post=114667"}],"version-history":[{"count":0,"href":"https:\/\/www.europesays.com\/se\/wp-json\/wp\/v2\/posts\/114667\/revisions"}],"wp:featuredmedia":[{"embeddable":true,"href":"https:\/\/www.europesays.com\/se\/wp-json\/wp\/v2\/media\/114668"}],"wp:attachment":[{"href":"https:\/\/www.europesays.com\/se\/wp-json\/wp\/v2\/media?parent=114667"}],"wp:term":[{"taxonomy":"category","embeddable":true,"href":"https:\/\/www.europesays.com\/se\/wp-json\/wp\/v2\/categories?post=114667"},{"taxonomy":"post_tag","embeddable":true,"href":"https:\/\/www.europesays.com\/se\/wp-json\/wp\/v2\/tags?post=114667"}],"curies":[{"name":"wp","href":"https:\/\/api.w.org\/{rel}","templated":true}]}}