{"id":114669,"date":"2025-12-23T08:37:08","date_gmt":"2025-12-23T08:37:08","guid":{"rendered":"https:\/\/www.europesays.com\/se\/114669\/"},"modified":"2025-12-23T08:37:08","modified_gmt":"2025-12-23T08:37:08","slug":"ducks-foll-utan-carlsson-lyckades-inte-utfora-jobbet","status":"publish","type":"post","link":"https:\/\/www.europesays.com\/se\/114669\/","title":{"rendered":"Ducks f\u00f6ll utan Carlsson: \u201cLyckades inte utf\u00f6ra jobbet\u201d"},"content":{"rendered":"<p>Anaheim Ducks f\u00e5r finna sig i att g\u00e5 p\u00e5 julledighet med en f\u00f6rlust.<\/p>\n<p>Ducks, som \u00e4r ett av sex lag i ligan som inleder sitt juluppeh\u00e5ll redan den 22 december (26 lag \u00e4r involverade i matcher kommande natt), f\u00f6ll med 1-3 hemma mot Seattle Kraken under m\u00e5ndagsnatten i en match d\u00e4r man avlossade hela 41 skott p\u00e5 m\u00e5l.<\/p>\n<p>Men Krakens m\u00e5lvakt Philipp Grubauer (97,6 procent) var omutlig denna kv\u00e4ll i Honda Center.<\/p>\n<p>\u2013 (Grubauer) var helt otrolig ikv\u00e4ll, det var h\u00f6g kvalitet p\u00e5 de r\u00e4ddningar han gjorde, sade Krakens forward Shane Wright, som stod f\u00f6r en assist i matchen.<\/p>\n<p>\u2013 Han r\u00e4ddade oss flera g\u00e5nger om.<\/p>\n<p>Ducks kom, f\u00f6r f\u00f6rsta g\u00e5ngen den h\u00e4r s\u00e4songen, till spel utan Leo Carlsson i laguppst\u00e4llningen.<\/p>\n<p>Efter att ha spelat 55 respektive 76 matcher f\u00f6r Ducks under sina tv\u00e5 f\u00f6rsta s\u00e4songer i ligan hade svensken funnits tillg\u00e4nglig i alla 36 matcher f\u00f6r laget den h\u00e4r s\u00e4songen.<\/p>\n<p>Fram tills m\u00f6tet med Kraken, vill s\u00e4ga.<\/p>\n<p>Ducks meddelade strax innan pucksl\u00e4pp att Carlsson inte fanns med i laguppst\u00e4llningen f\u00f6r m\u00f6tet med Kraken; detta till f\u00f6ljd av en ospecificerad underkroppsskada.<\/p>\n<blockquote>\n<p><strong>L\u00e4s ocks\u00e5:<\/strong> <a href=\"https:\/\/www.nhl.com\/sv\/news\/leo-carlsson-skadad-utvarderas-dagligen\" rel=\"nofollow noopener\" target=\"_blank\">Carlsson skadad \u2013 utv\u00e4rderas dagligen<\/a><\/p>\n<\/blockquote>\n<p>Klubbens tr\u00e4nare Joel Quenneville gav dock lugnande besked n\u00e4r han tydliggjorde att Ducks f\u00f6rv\u00e4ntar sig Carlsson \u00e5ter i laguppst\u00e4llningen redan i lagets f\u00f6rsta match \u00e5ter efter juluppeh\u00e5llet; den 27 december borta mot Los Angeles Kings.<\/p>\n<p>Carlsson \u00e4r Ducks ledande po\u00e4ngplockare den h\u00e4r s\u00e4songen med sina 41 po\u00e4ng (17+24) p\u00e5 36 matcher. Centern leder \u00e4ven den svenska po\u00e4ngligan i NHL, tre po\u00e4ng f\u00f6re Detroit Red Wings Lucas Raymond.<\/p>\n<p>Men mot Kraken fick allts\u00e5 Ducks klara sig utan Carlsson. Och det m\u00e4rktes i effektiviteten.<\/p>\n<p>Mikael Granlund stod f\u00f6r hemmalagets enda m\u00e5l n\u00e4r han styrde in 1-1 15:40 in p\u00e5 den f\u00f6rsta perioden, detta efter att g\u00e4sternas Frederick Gaudreau gjort 1-0 i numer\u00e4rt \u00f6verl\u00e4ge efter 4:49. I tredje perioden klev Jordan Eberle fram med tv\u00e5 m\u00e5l, varav ett av dem i tom bur med 36 sekunder kvar att spela av matchen.<\/p>\n<p>\u2013 Vi lyckades inte utf\u00f6ra jobbet ikv\u00e4ll, sade Granlund. Vi sk\u00f6t m\u00e5nga skott och genererade l\u00e4gen, men pucken gick inte in f\u00f6r oss. Till syvende och sist \u00e4r det sv\u00e5rt att vinna i den h\u00e4r ligan om man bara g\u00f6r ett m\u00e5l fram\u00e5t.<\/p>\n<p>Ducks vann skotten med 17-5 respektive 17-6 \u00f6ver de tv\u00e5 avslutande perioderna i matchen.<\/p>\n<p>\u2013 Jag tror de hade kanske en chans totalt i tredje perioden, sade Quenneville om Kraken. Vi gav dem ingenting och hade v\u00e5ra l\u00e4gen, s\u00e4rskilt i den andra halvan av matchen.<\/p>\n<p>\u2013 Men de f\u00f6rsvarade sig v\u00e4l och vi sk\u00f6t i t\u00e4ck r\u00e4tt mycket ocks\u00e5. Vi hade puckar som studsade bort fr\u00e5n v\u00e5ra klubbor och de f\u00f6rsvarade sig vilt, samtidigt som vi gjorde vad vi kunde. Tufft att sl\u00e4ppa in m\u00e5l d\u00e4r i tredje perioden och det f\u00e5r verkligen ses som en besvikelse att f\u00f6rlora den h\u00e4r matchen.<\/p>\n<p>Ducks (21-14-2, 44 po\u00e4ng p\u00e5 37 matcher) leder alltj\u00e4mt Pacific Division, men med tre matcher fler spelade \u00e4n n\u00e4rmast jagande Vegas Golden Knights (16-8-10, 42 po\u00e4ng).<\/p>\n<p>\u2013 Vi kommer gr\u00e4ma oss \u00f6ver den h\u00e4r f\u00f6rlusten, sade Quenneville. Det kommer bli jobbigt att ha de kommande fyra dagarna till att t\u00e4nka p\u00e5 det h\u00e4r.<\/p>\n<p>F\u00f6r Kraken var det, av f\u00f6rklarliga sk\u00e4l, betydligt gladare miner. Segern var lagets andra i rad; det f\u00f6rsta tillf\u00e4llet sedan 20-22 november som Kraken vunnit tv\u00e5 matcher i rad.<\/p>\n","protected":false},"excerpt":{"rendered":"Anaheim Ducks f\u00e5r finna sig i att g\u00e5 p\u00e5 julledighet med en f\u00f6rlust. Ducks, som \u00e4r ett av&hellip;\n","protected":false},"author":2,"featured_media":114670,"comment_status":"","ping_status":"","sticky":false,"template":"","format":"standard","meta":{"footnotes":""},"categories":[5],"tags":[22,23,26,27,17,21,24,25,28,29,15,16,18,34,31,33,32,30,19,20],"class_list":{"0":"post-114669","1":"post","2":"type-post","3":"status-publish","4":"format-standard","5":"has-post-thumbnail","7":"category-rubriker","8":"tag-breaking-news","9":"tag-breakingnews","10":"tag-featured-news","11":"tag-featurednews","12":"tag-headlines","13":"tag-huvudnyheter","14":"tag-latest-news","15":"tag-latestnews","16":"tag-main-news","17":"tag-mainnews","18":"tag-news","19":"tag-nyheter","20":"tag-rubriker","21":"tag-se","22":"tag-svenska","23":"tag-sverige","24":"tag-sweden","25":"tag-swedish","26":"tag-top-stories","27":"tag-topstories"},"share_on_mastodon":{"url":"https:\/\/pubeurope.com\/@se\/115767977111524737","error":""},"_links":{"self":[{"href":"https:\/\/www.europesays.com\/se\/wp-json\/wp\/v2\/posts\/114669","targetHints":{"allow":["GET"]}}],"collection":[{"href":"https:\/\/www.europesays.com\/se\/wp-json\/wp\/v2\/posts"}],"about":[{"href":"https:\/\/www.europesays.com\/se\/wp-json\/wp\/v2\/types\/post"}],"author":[{"embeddable":true,"href":"https:\/\/www.europesays.com\/se\/wp-json\/wp\/v2\/users\/2"}],"replies":[{"embeddable":true,"href":"https:\/\/www.europesays.com\/se\/wp-json\/wp\/v2\/comments?post=114669"}],"version-history":[{"count":0,"href":"https:\/\/www.europesays.com\/se\/wp-json\/wp\/v2\/posts\/114669\/revisions"}],"wp:featuredmedia":[{"embeddable":true,"href":"https:\/\/www.europesays.com\/se\/wp-json\/wp\/v2\/media\/114670"}],"wp:attachment":[{"href":"https:\/\/www.europesays.com\/se\/wp-json\/wp\/v2\/media?parent=114669"}],"wp:term":[{"taxonomy":"category","embeddable":true,"href":"https:\/\/www.europesays.com\/se\/wp-json\/wp\/v2\/categories?post=114669"},{"taxonomy":"post_tag","embeddable":true,"href":"https:\/\/www.europesays.com\/se\/wp-json\/wp\/v2\/tags?post=114669"}],"curies":[{"name":"wp","href":"https:\/\/api.w.org\/{rel}","templated":true}]}}