{"id":114688,"date":"2025-12-23T08:51:07","date_gmt":"2025-12-23T08:51:07","guid":{"rendered":"https:\/\/www.europesays.com\/se\/114688\/"},"modified":"2025-12-23T08:51:07","modified_gmt":"2025-12-23T08:51:07","slug":"trump-om-gronland-vi-maste-ha-det-2","status":"publish","type":"post","link":"https:\/\/www.europesays.com\/se\/114688\/","title":{"rendered":"Trump om Gr\u00f6nland: \u201dVi m\u00e5ste ha det\u201d"},"content":{"rendered":"<p>\u2013\u2009Vi m\u00e5ste ha det. Och han ville leda framst\u00f6ten.Men \u201dhan\u201d avses Jeff Landry, Louisianas mycket konservativa guvern\u00f6r, som Trump nyligen utsett till s\u00e4rskilt Gr\u00f6nlandss\u00e4ndebud.Presidenten beskriver Landry som en kille \u201dsom fixar avtal\u201d och som kan realisera hans vision om att ta kontroll \u00f6ver Gr\u00f6nland.\u2013\u2009N\u00e4r man tittar upp- och nedf\u00f6r kusten \u00e4r det ryska och kinesiska <\/p>\n","protected":false},"excerpt":{"rendered":"\u2013\u2009Vi m\u00e5ste ha det. Och han ville leda framst\u00f6ten.Men \u201dhan\u201d avses Jeff Landry, Louisianas mycket konservativa guvern\u00f6r, som&hellip;\n","protected":false},"author":2,"featured_media":114689,"comment_status":"","ping_status":"","sticky":false,"template":"","format":"standard","meta":{"footnotes":""},"categories":[14],"tags":[22,23,26,27,17,21,24,25,28,29,15,16,18,34,31,33,32,30,19,20,51,52,53,54],"class_list":{"0":"post-114688","1":"post","2":"type-post","3":"status-publish","4":"format-standard","5":"has-post-thumbnail","7":"category-varlden","8":"tag-breaking-news","9":"tag-breakingnews","10":"tag-featured-news","11":"tag-featurednews","12":"tag-headlines","13":"tag-huvudnyheter","14":"tag-latest-news","15":"tag-latestnews","16":"tag-main-news","17":"tag-mainnews","18":"tag-news","19":"tag-nyheter","20":"tag-rubriker","21":"tag-se","22":"tag-svenska","23":"tag-sverige","24":"tag-sweden","25":"tag-swedish","26":"tag-top-stories","27":"tag-topstories","28":"tag-varlden","29":"tag-world","30":"tag-world-news","31":"tag-worldnews"},"share_on_mastodon":{"url":"https:\/\/pubeurope.com\/@se\/115768032263022519","error":""},"_links":{"self":[{"href":"https:\/\/www.europesays.com\/se\/wp-json\/wp\/v2\/posts\/114688","targetHints":{"allow":["GET"]}}],"collection":[{"href":"https:\/\/www.europesays.com\/se\/wp-json\/wp\/v2\/posts"}],"about":[{"href":"https:\/\/www.europesays.com\/se\/wp-json\/wp\/v2\/types\/post"}],"author":[{"embeddable":true,"href":"https:\/\/www.europesays.com\/se\/wp-json\/wp\/v2\/users\/2"}],"replies":[{"embeddable":true,"href":"https:\/\/www.europesays.com\/se\/wp-json\/wp\/v2\/comments?post=114688"}],"version-history":[{"count":0,"href":"https:\/\/www.europesays.com\/se\/wp-json\/wp\/v2\/posts\/114688\/revisions"}],"wp:featuredmedia":[{"embeddable":true,"href":"https:\/\/www.europesays.com\/se\/wp-json\/wp\/v2\/media\/114689"}],"wp:attachment":[{"href":"https:\/\/www.europesays.com\/se\/wp-json\/wp\/v2\/media?parent=114688"}],"wp:term":[{"taxonomy":"category","embeddable":true,"href":"https:\/\/www.europesays.com\/se\/wp-json\/wp\/v2\/categories?post=114688"},{"taxonomy":"post_tag","embeddable":true,"href":"https:\/\/www.europesays.com\/se\/wp-json\/wp\/v2\/tags?post=114688"}],"curies":[{"name":"wp","href":"https:\/\/api.w.org\/{rel}","templated":true}]}}