{"id":114710,"date":"2025-12-23T09:07:08","date_gmt":"2025-12-23T09:07:08","guid":{"rendered":"https:\/\/www.europesays.com\/se\/114710\/"},"modified":"2025-12-23T09:07:08","modified_gmt":"2025-12-23T09:07:08","slug":"martin-boldt-christmas-blickar-tillbaka-over-2025","status":"publish","type":"post","link":"https:\/\/www.europesays.com\/se\/114710\/","title":{"rendered":"Martin Boldt-Christmas blickar tillbaka \u00f6ver 2025"},"content":{"rendered":"<p class=\"font-sans text-base text-text-main dark:text-text-main-dark font-normal leading-[1.4]\">I ett nytt avsnitt av Placerapodden summerar analytikern <strong>Martin Boldt-Christmas<\/strong> \u00e5ret som g\u00e5tt \u2013 och blickar fram\u00e5t mot 2026.<\/p>\n<p class=\"font-sans text-base text-text-main dark:text-text-main-dark font-normal leading-[1.4]\">\u201dAllting gick v\u00e4l lite snabbare \u00e4n vad jag trodde\u201d, s\u00e4ger han om \u00e5rets marknadsr\u00f6relser.<\/p>\n<p class=\"font-sans text-base text-text-main dark:text-text-main-dark font-normal leading-[1.4]\">En av de st\u00f6rsta \u00f6verraskningarna var dollarn, som inte betedde sig som den brukar under geopolitisk oro.<\/p>\n<p class=\"font-sans text-base text-text-main dark:text-text-main-dark font-normal leading-[1.4]\">\u201dDen f\u00f6rst\u00e4rks n\u00e4r det \u00e4r h\u00f6g risk i marknaden och turbulens, den har alltid agerat som en naturlig hedge i portf\u00f6ljer. Och det skedde ju inte riktigt&#8221;, s\u00e4ger han i podden. <\/p>\n<p class=\"font-sans text-base text-text-main dark:text-text-main-dark font-normal leading-[1.4]\">Boldt-Christmas pekar ocks\u00e5 p\u00e5 att geopolitik och s\u00e4kerhetspolitik f\u00e5tt allt st\u00f6rre marknadsbetydelse \u2013 s\u00e4rskilt relationen mellan USA och Europa.<\/p>\n<p class=\"font-sans text-base text-text-main dark:text-text-main-dark font-normal leading-[1.4]\">\u201dMan kan ju inte vara en p\u00e5litlig partner nio dagar av tio. Man kan inte vara en bra pappa alla dagar utan s\u00f6ndagar. Det g\u00e5r liksom inte.&#8221;<\/p>\n","protected":false},"excerpt":{"rendered":"I ett nytt avsnitt av Placerapodden summerar analytikern Martin Boldt-Christmas \u00e5ret som g\u00e5tt \u2013 och blickar fram\u00e5t mot&hellip;\n","protected":false},"author":2,"featured_media":114711,"comment_status":"","ping_status":"","sticky":false,"template":"","format":"standard","meta":{"footnotes":""},"categories":[65],"tags":[72,3378,70,71,548,34,31,33,32,30],"class_list":{"0":"post-114710","1":"post","2":"type-post","3":"status-publish","4":"format-standard","5":"has-post-thumbnail","7":"category-ekonomi","8":"tag-business","9":"tag-dollarn","10":"tag-economy","11":"tag-ekonomi","12":"tag-guld","13":"tag-se","14":"tag-svenska","15":"tag-sverige","16":"tag-sweden","17":"tag-swedish"},"share_on_mastodon":{"url":"https:\/\/pubeurope.com\/@se\/115768095610394429","error":""},"_links":{"self":[{"href":"https:\/\/www.europesays.com\/se\/wp-json\/wp\/v2\/posts\/114710","targetHints":{"allow":["GET"]}}],"collection":[{"href":"https:\/\/www.europesays.com\/se\/wp-json\/wp\/v2\/posts"}],"about":[{"href":"https:\/\/www.europesays.com\/se\/wp-json\/wp\/v2\/types\/post"}],"author":[{"embeddable":true,"href":"https:\/\/www.europesays.com\/se\/wp-json\/wp\/v2\/users\/2"}],"replies":[{"embeddable":true,"href":"https:\/\/www.europesays.com\/se\/wp-json\/wp\/v2\/comments?post=114710"}],"version-history":[{"count":0,"href":"https:\/\/www.europesays.com\/se\/wp-json\/wp\/v2\/posts\/114710\/revisions"}],"wp:featuredmedia":[{"embeddable":true,"href":"https:\/\/www.europesays.com\/se\/wp-json\/wp\/v2\/media\/114711"}],"wp:attachment":[{"href":"https:\/\/www.europesays.com\/se\/wp-json\/wp\/v2\/media?parent=114710"}],"wp:term":[{"taxonomy":"category","embeddable":true,"href":"https:\/\/www.europesays.com\/se\/wp-json\/wp\/v2\/categories?post=114710"},{"taxonomy":"post_tag","embeddable":true,"href":"https:\/\/www.europesays.com\/se\/wp-json\/wp\/v2\/tags?post=114710"}],"curies":[{"name":"wp","href":"https:\/\/api.w.org\/{rel}","templated":true}]}}