{"id":114712,"date":"2025-12-23T09:08:08","date_gmt":"2025-12-23T09:08:08","guid":{"rendered":"https:\/\/www.europesays.com\/se\/114712\/"},"modified":"2025-12-23T09:08:08","modified_gmt":"2025-12-23T09:08:08","slug":"ryska-attacker-mot-flera-stader","status":"publish","type":"post","link":"https:\/\/www.europesays.com\/se\/114712\/","title":{"rendered":"Ryska attacker mot flera st\u00e4der"},"content":{"rendered":"<p>Med hundratals dr\u00f6nare och robotar har Ryssland genomf\u00f6rt en omfattande attack mot framf\u00f6r allt Ukrainas energiinfrastruktur.<\/p>\n<p>I de v\u00e4stra delarna av landet har explosioner h\u00f6rts i staden Rivne samt i omr\u00e5den l\u00e4ngs den sydv\u00e4stra gr\u00e4nsen. I landets mitt har bland annat staden Tjerkasy attackerats, liksom huvudstaden Kiev, rapporterar Kyiv Independent.<\/p>\n<p><strong>Rapporter om attacker<\/strong> f\u00f6rekommer fr\u00e5n fler st\u00e4der. Tv\u00e5 personer rapporterats ha d\u00f6dats och flera skadats, d\u00e4ribland m\u00e5nga barn, enligt lokala medier.<\/p>\n<p>I grannlandet Polen lyfte stridsflyg f\u00f6r att skydda landets luftrum under de ryska attackerna.<\/p>\n<p>Nattens anfall har framf\u00f6r allt riktat in sig p\u00e5 energianl\u00e4ggningar och skadornas omfattning \u00e4r \u00e4nnu inte k\u00e4nd. Rapporter om skadade och d\u00f6da finns inte heller i nul\u00e4get.<\/p>\n<p>Attackerna kommer i samband med att landets president Volodymyr Zelenskyj varnat f\u00f6r att Ryssland, enligt ukrainska underr\u00e4ttelser, f\u00f6rbereder sig f\u00f6r omfattande attacker mot Ukraina under julhelgen och att befolkningen m\u00e5ste ta h\u00f6jd f\u00f6r flyganfall de kommande dagarna, enligt landets public service-kanal Suspilne.<\/p>\n<p><strong>\u2013 Det ligger i (ryssarnas) natur<\/strong> att genomf\u00f6ra n\u00e5gon form av massiv attack under v\u00e5r jul, sade Zelenskyj i ett tal under m\u00e5ndagen.<\/p>\n<p>Kremls talesperson Dmitrij Peskov har avf\u00e4rdat en vapenvila under julen med anledning att det skulle ge Ukraina ett tillf\u00e4lligt andrum, enligt Kyiv Independent.<\/p>\n","protected":false},"excerpt":{"rendered":"Med hundratals dr\u00f6nare och robotar har Ryssland genomf\u00f6rt en omfattande attack mot framf\u00f6r allt Ukrainas energiinfrastruktur. I de&hellip;\n","protected":false},"author":2,"featured_media":114713,"comment_status":"","ping_status":"","sticky":false,"template":"","format":"standard","meta":{"footnotes":""},"categories":[14],"tags":[22,23,26,27,17,21,24,25,28,29,15,16,18,34,31,33,32,30,19,20,51,52,53,54],"class_list":{"0":"post-114712","1":"post","2":"type-post","3":"status-publish","4":"format-standard","5":"has-post-thumbnail","7":"category-varlden","8":"tag-breaking-news","9":"tag-breakingnews","10":"tag-featured-news","11":"tag-featurednews","12":"tag-headlines","13":"tag-huvudnyheter","14":"tag-latest-news","15":"tag-latestnews","16":"tag-main-news","17":"tag-mainnews","18":"tag-news","19":"tag-nyheter","20":"tag-rubriker","21":"tag-se","22":"tag-svenska","23":"tag-sverige","24":"tag-sweden","25":"tag-swedish","26":"tag-top-stories","27":"tag-topstories","28":"tag-varlden","29":"tag-world","30":"tag-world-news","31":"tag-worldnews"},"share_on_mastodon":{"url":"https:\/\/pubeurope.com\/@se\/115768098982070172","error":""},"_links":{"self":[{"href":"https:\/\/www.europesays.com\/se\/wp-json\/wp\/v2\/posts\/114712","targetHints":{"allow":["GET"]}}],"collection":[{"href":"https:\/\/www.europesays.com\/se\/wp-json\/wp\/v2\/posts"}],"about":[{"href":"https:\/\/www.europesays.com\/se\/wp-json\/wp\/v2\/types\/post"}],"author":[{"embeddable":true,"href":"https:\/\/www.europesays.com\/se\/wp-json\/wp\/v2\/users\/2"}],"replies":[{"embeddable":true,"href":"https:\/\/www.europesays.com\/se\/wp-json\/wp\/v2\/comments?post=114712"}],"version-history":[{"count":0,"href":"https:\/\/www.europesays.com\/se\/wp-json\/wp\/v2\/posts\/114712\/revisions"}],"wp:featuredmedia":[{"embeddable":true,"href":"https:\/\/www.europesays.com\/se\/wp-json\/wp\/v2\/media\/114713"}],"wp:attachment":[{"href":"https:\/\/www.europesays.com\/se\/wp-json\/wp\/v2\/media?parent=114712"}],"wp:term":[{"taxonomy":"category","embeddable":true,"href":"https:\/\/www.europesays.com\/se\/wp-json\/wp\/v2\/categories?post=114712"},{"taxonomy":"post_tag","embeddable":true,"href":"https:\/\/www.europesays.com\/se\/wp-json\/wp\/v2\/tags?post=114712"}],"curies":[{"name":"wp","href":"https:\/\/api.w.org\/{rel}","templated":true}]}}