{"id":114720,"date":"2025-12-23T09:16:22","date_gmt":"2025-12-23T09:16:22","guid":{"rendered":"https:\/\/www.europesays.com\/se\/114720\/"},"modified":"2025-12-23T09:16:22","modified_gmt":"2025-12-23T09:16:22","slug":"putin-matas-med-information-han-vill-hora","status":"publish","type":"post","link":"https:\/\/www.europesays.com\/se\/114720\/","title":{"rendered":"Putin matas med information han vill h\u00f6ra"},"content":{"rendered":"<p>Av Adam Lindh<br \/>Publicerad 22 december, 20:21. Uppdaterad 22 december, 21:03<\/p>\n<p>Den ryske generalen Sergej Kuzovlev bel\u00f6nades med Rysslands h\u00f6gsta milit\u00e4ra utm\u00e4rkelse efter att ha meddelat president Vladimir Putin att staden Kupjansk i \u00f6stra Ukraina hade intagits. <\/p>\n<p>Tre dagar senare publicerade Ukrainas president Volodymyr Zelenskyj en video som visade honom p\u00e5 plats i staden, och ingenting har pekat p\u00e5 att Ryssland haft kontroll \u00f6ver Kupjansk sedan invasionens b\u00f6rjan 2022, rapporterar Financial Times.<\/p>\n<p>Kuzovlevs utm\u00e4rkelse har d\u00e4rf\u00f6r p\u00e5 nytt v\u00e4ckt fr\u00e5gan om Putins n\u00e4rmaste f\u00f6rser honom med den information han vill h\u00f6ra, snarare \u00e4n en korrekt bild av verkligheten. <\/p>\n<p>Tv\u00e5 k\u00e4llor uppger f\u00f6r Financial Times att Putin f\u00e5r regelbundna uppdateringar som bl\u00e5ser upp Ukrainas f\u00f6rluster, framh\u00e4ver Rysslands \u00f6verl\u00e4ge och tonar ned ryska f\u00f6rluster.<\/p>\n<p>Enligt Rysslandsexperten Keir Giles sipprar samma narrativ in i fredsf\u00f6rhandlingarna och har bitit sig fast hos delar av Trumps innersta krets.<\/p>\n<p>USA:s vicepresident JD Vance sa d\u00e4remot i oktober att Ryssland tenderar att tro att de presterar b\u00e4ttre \u00e4n vad de g\u00f6r, n\u00e5got som har f\u00f6rsv\u00e5rat m\u00f6jligheterna att n\u00e5 en \u00f6verenskommelse.<\/p>\n<p>Omni \u00e4r politiskt obundna och oberoende. Vi str\u00e4var efter att ge fler perspektiv p\u00e5 nyheterna. Har du fr\u00e5gor eller synpunkter kring v\u00e5r rapportering? <a href=\"https:\/\/omni.se\/uppgifter-putin-matas-med-information-han-vill-hora\/a\/mailto:redaktion@omni.se\" class=\"ArticleActions_contactLink__W2F1M\" rel=\"nofollow noopener\" target=\"_blank\">Kontakta redaktionen<\/a><\/p>\n","protected":false},"excerpt":{"rendered":"Av Adam LindhPublicerad 22 december, 20:21. Uppdaterad 22 december, 21:03 Den ryske generalen Sergej Kuzovlev bel\u00f6nades med Rysslands&hellip;\n","protected":false},"author":2,"featured_media":114721,"comment_status":"","ping_status":"","sticky":false,"template":"","format":"standard","meta":{"footnotes":""},"categories":[14],"tags":[22,23,267,26,27,17,21,403,24,25,28,29,15,16,18,269,264,34,31,33,32,30,19,20,263,74,51,261,262,52,53,54],"class_list":{"0":"post-114720","1":"post","2":"type-post","3":"status-publish","4":"format-standard","5":"has-post-thumbnail","7":"category-varlden","8":"tag-breaking-news","9":"tag-breakingnews","10":"tag-europa","11":"tag-featured-news","12":"tag-featurednews","13":"tag-headlines","14":"tag-huvudnyheter","15":"tag-jd-vance","16":"tag-latest-news","17":"tag-latestnews","18":"tag-main-news","19":"tag-mainnews","20":"tag-news","21":"tag-nyheter","22":"tag-rubriker","23":"tag-ryska-invasionen","24":"tag-ryssland","25":"tag-se","26":"tag-svenska","27":"tag-sverige","28":"tag-sweden","29":"tag-swedish","30":"tag-top-stories","31":"tag-topstories","32":"tag-ukraina","33":"tag-usa","34":"tag-varlden","35":"tag-vladimir-putin","36":"tag-volodymyr-zelenskyj","37":"tag-world","38":"tag-world-news","39":"tag-worldnews"},"share_on_mastodon":{"url":"https:\/\/pubeurope.com\/@se\/115768130522417175","error":""},"_links":{"self":[{"href":"https:\/\/www.europesays.com\/se\/wp-json\/wp\/v2\/posts\/114720","targetHints":{"allow":["GET"]}}],"collection":[{"href":"https:\/\/www.europesays.com\/se\/wp-json\/wp\/v2\/posts"}],"about":[{"href":"https:\/\/www.europesays.com\/se\/wp-json\/wp\/v2\/types\/post"}],"author":[{"embeddable":true,"href":"https:\/\/www.europesays.com\/se\/wp-json\/wp\/v2\/users\/2"}],"replies":[{"embeddable":true,"href":"https:\/\/www.europesays.com\/se\/wp-json\/wp\/v2\/comments?post=114720"}],"version-history":[{"count":0,"href":"https:\/\/www.europesays.com\/se\/wp-json\/wp\/v2\/posts\/114720\/revisions"}],"wp:featuredmedia":[{"embeddable":true,"href":"https:\/\/www.europesays.com\/se\/wp-json\/wp\/v2\/media\/114721"}],"wp:attachment":[{"href":"https:\/\/www.europesays.com\/se\/wp-json\/wp\/v2\/media?parent=114720"}],"wp:term":[{"taxonomy":"category","embeddable":true,"href":"https:\/\/www.europesays.com\/se\/wp-json\/wp\/v2\/categories?post=114720"},{"taxonomy":"post_tag","embeddable":true,"href":"https:\/\/www.europesays.com\/se\/wp-json\/wp\/v2\/tags?post=114720"}],"curies":[{"name":"wp","href":"https:\/\/api.w.org\/{rel}","templated":true}]}}