{"id":114747,"date":"2025-12-23T09:53:14","date_gmt":"2025-12-23T09:53:14","guid":{"rendered":"https:\/\/www.europesays.com\/se\/114747\/"},"modified":"2025-12-23T09:53:14","modified_gmt":"2025-12-23T09:53:14","slug":"stordalen-tar-skattesmall-pa-400-miljoner-till-hd","status":"publish","type":"post","link":"https:\/\/www.europesays.com\/se\/114747\/","title":{"rendered":"Stordalen tar skattesm\u00e4ll p\u00e5 400 miljoner till HD"},"content":{"rendered":"<p>Petter Stordalen \u00f6verklagar domen om en skattesm\u00e4ll p\u00e5 \u00f6ver 400 miljoner norska kronor till Norges h\u00f6gsta domstol. Det bekr\u00e4ftar hans advokat Kaare Andreas Shetelig f\u00f6r E24.<\/p>\n<p>\u2013 Fr\u00e5gorna i m\u00e5let har betydelse f\u00f6r l\u00e5ngt fler \u00e4n Stordalen, och han ber d\u00e4rf\u00f6r h\u00f6gsta domstolen att pr\u00f6va hovr\u00e4ttens dom, s\u00e4ger han till finanssajten.<\/p>\n<p>Efter en skattesm\u00e4ll p\u00e5 n\u00e4rmare 230 miljoner norska kronor tog Stordalen \u00e4rendet till tingsr\u00e4tten, som s\u00e4nkte beloppet till drygt 180 miljoner. Men hovr\u00e4tten bed\u00f6mde att hotellmagnaten skulle betala \u00f6ver 400 miljoner norska kronor, skriver E24.<\/p>\n<p>Det h\u00e4r g\u00e4ller saken:<\/p>\n<p>Bakgrunden \u00e4r Stordalens k\u00f6p av Strawberry Fields 2013. De tidigare \u00e4garna hade skjutit in 3 miljarder kronor, och reglerna g\u00f6r d\u00e5 g\u00e4llande att det finns 3 miljarder till godo i skattefria utbetalningar.<\/p>\n<p>Stordalen utnyttjade det genom att plocka ut 800 miljoner fram till 2021. Men skattemyndigheten h\u00e4vdar att r\u00e4tten till skattefri utbetalning inte g\u00e4ller om syftet med k\u00f6pet var att komma \u00f6ver skattekrediterna.<\/p>\n<p>Petter Stordalen \u00f6verklagade tingsr\u00e4ttens dom som innebar en skattesm\u00e4ll p\u00e5 184 miljoner norska kronor i obetald skatt.<\/p>\n<p>Hovr\u00e4tten kom fram till att Stordalen ska betala totalt \u00f6ver 400 miljoner norska kronor.<\/p>\n<p>Omni \u00e4r politiskt obundna och oberoende. Vi str\u00e4var efter att ge fler perspektiv p\u00e5 nyheterna. Har du fr\u00e5gor eller synpunkter kring v\u00e5r rapportering? <a href=\"https:\/\/omni.se\/stordalen-overklagar-skattesmall-pa-400-miljoner-till-hd\/a\/mailto:redaktion@omni.se\" class=\"ArticleActions_contactLink__W2F1M\" rel=\"nofollow noopener\" target=\"_blank\">Kontakta redaktionen<\/a><\/p>\n","protected":false},"excerpt":{"rendered":"Petter Stordalen \u00f6verklagar domen om en skattesm\u00e4ll p\u00e5 \u00f6ver 400 miljoner norska kronor till Norges h\u00f6gsta domstol. Det&hellip;\n","protected":false},"author":2,"featured_media":114748,"comment_status":"","ping_status":"","sticky":false,"template":"","format":"standard","meta":{"footnotes":""},"categories":[14],"tags":[22,23,267,26,27,17,21,24,25,28,29,15,430,16,12458,18,34,31,33,32,30,19,20,51,52,53,54],"class_list":{"0":"post-114747","1":"post","2":"type-post","3":"status-publish","4":"format-standard","5":"has-post-thumbnail","7":"category-varlden","8":"tag-breaking-news","9":"tag-breakingnews","10":"tag-europa","11":"tag-featured-news","12":"tag-featurednews","13":"tag-headlines","14":"tag-huvudnyheter","15":"tag-latest-news","16":"tag-latestnews","17":"tag-main-news","18":"tag-mainnews","19":"tag-news","20":"tag-norge","21":"tag-nyheter","22":"tag-petter-stordalen","23":"tag-rubriker","24":"tag-se","25":"tag-svenska","26":"tag-sverige","27":"tag-sweden","28":"tag-swedish","29":"tag-top-stories","30":"tag-topstories","31":"tag-varlden","32":"tag-world","33":"tag-world-news","34":"tag-worldnews"},"share_on_mastodon":{"url":"https:\/\/pubeurope.com\/@se\/115768275982124083","error":""},"_links":{"self":[{"href":"https:\/\/www.europesays.com\/se\/wp-json\/wp\/v2\/posts\/114747","targetHints":{"allow":["GET"]}}],"collection":[{"href":"https:\/\/www.europesays.com\/se\/wp-json\/wp\/v2\/posts"}],"about":[{"href":"https:\/\/www.europesays.com\/se\/wp-json\/wp\/v2\/types\/post"}],"author":[{"embeddable":true,"href":"https:\/\/www.europesays.com\/se\/wp-json\/wp\/v2\/users\/2"}],"replies":[{"embeddable":true,"href":"https:\/\/www.europesays.com\/se\/wp-json\/wp\/v2\/comments?post=114747"}],"version-history":[{"count":0,"href":"https:\/\/www.europesays.com\/se\/wp-json\/wp\/v2\/posts\/114747\/revisions"}],"wp:featuredmedia":[{"embeddable":true,"href":"https:\/\/www.europesays.com\/se\/wp-json\/wp\/v2\/media\/114748"}],"wp:attachment":[{"href":"https:\/\/www.europesays.com\/se\/wp-json\/wp\/v2\/media?parent=114747"}],"wp:term":[{"taxonomy":"category","embeddable":true,"href":"https:\/\/www.europesays.com\/se\/wp-json\/wp\/v2\/categories?post=114747"},{"taxonomy":"post_tag","embeddable":true,"href":"https:\/\/www.europesays.com\/se\/wp-json\/wp\/v2\/tags?post=114747"}],"curies":[{"name":"wp","href":"https:\/\/api.w.org\/{rel}","templated":true}]}}