{"id":114758,"date":"2025-12-23T10:09:08","date_gmt":"2025-12-23T10:09:08","guid":{"rendered":"https:\/\/www.europesays.com\/se\/114758\/"},"modified":"2025-12-23T10:09:08","modified_gmt":"2025-12-23T10:09:08","slug":"annu-en-doomsday-trailer-har-lackt-online-mcu-veteran-atervander","status":"publish","type":"post","link":"https:\/\/www.europesays.com\/se\/114758\/","title":{"rendered":"\u00c4nnu en &#8221;Doomsday&#8221;-trailer har l\u00e4ckt online &#8211; MCU-veteran \u00e5terv\u00e4nder!"},"content":{"rendered":"<p>Fansen v\u00e4ntar sp\u00e4nt p\u00e5 n\u00e4sta film i \u201dAvengers\u201d-sagan, som g\u00e5r upp p\u00e5 bio i december 2026.<\/p>\n<p>Under tiden kan ni njuta av filmens hype och marknadsf\u00f6ring, d\u00e4r den andra trailern faktiskt redan nu l\u00e4ckt p\u00e5 n\u00e4tet. <\/p>\n<p><a href=\"https:\/\/collider.com\/avengers-doomsday-new-trailer-leaked-thor-love-daughter-chris-hemsworth-returning\/?fbclid=IwY2xjawO3PstleHRuA2FlbQIxMABicmlkETF5ZUpqNnE0d0h2NW5vMUN6c3J0YwZhcHBfaWQQMjIyMDM5MTc4ODIwMDg5MgABHjyjTQjq3jLqYWtVliJT0CkIaJJja14El39esFt9AYfWbrLtzMV0jiQxbm24_aem_Lm5MJGrFt2o0Z1nMC8XmMg\" rel=\"nofollow noopener\" target=\"_blank\">Collider<\/a> rapporterar att trailern bekr\u00e4ftar att \u00e4nnu en MCU-veteran \u00e5terv\u00e4nder. I f\u00f6rsta teasern, som visades innan utvalda visningar av \u201dAvatar: Fire and Ash\u201d, fick vi se en glimt av <a href=\"https:\/\/www.moviezine.se\/nyheter\/har-nya-trailern-till-avengers-doomsday-just-spoilat-en-stor-overraskning\" rel=\"nofollow noopener\" target=\"_blank\">Chris Evans<\/a>. Nu st\u00e5r det \u00e4ven klart att Chris Hemsworth \u00e5terv\u00e4nder som Thor, tillsammans med dottern Love fr\u00e5n \u201dLove and Thunder\u201d. <\/p>\n<p>Robert Downey Jr. som \u00e5terv\u00e4nder i form av huvudskurken Doctor Doom har \u00e4nnu inte synts till mer \u00e4n sin cameo i \u201dThe Fantastic Four: First Steps\u201d.<\/p>\n<p>Ut\u00f6ver detta blir det en <a href=\"https:\/\/www.moviezine.se\/nyheter\/maffig-rollista-i-avengers-doomsday-har-ar-skadespelarna-som-medverkar\" rel=\"nofollow noopener\" target=\"_blank\">l\u00e5ng rad klassiska MCU-figurer<\/a> som kommer att synas i filmen. <\/p>\n<p>Biopremi\u00e4r blir den 18 december 2026. H\u00e5ll till godo!<\/p>\n<p>L\u00e4s ocks\u00e5: <a href=\"https:\/\/www.moviezine.se\/nyheter\/jeremy-allen-white-ar-stralande-som-bruce-springsteen-dramat-gar-nu-att-se-hemma\" title=\"Jeremy Allen White \u00e4r str\u00e5lande som Bruce Springsteen \u2013 dramat g\u00e5r nu att se hemma\" class=\"underline-custom !font-montserrat !font-bold !underline-offset-4 !decoration-4 !decoration-moviezine-green !text-md\" rel=\"nofollow noopener\" target=\"_blank\">Jeremy Allen White \u00e4r str\u00e5lande som Bruce Springsteen \u2013 dramat g\u00e5r nu att se hemma<\/a><\/p>\n<p>L\u00e4s ocks\u00e5: <a href=\"https:\/\/www.moviezine.se\/nyheter\/sugen-pa-en-7-timmar-lang-film-starkt-drama-fran-1994-streamar-nu-gratis-hos-svt-play\" title=\"Sugen p\u00e5 en 7 timmar l\u00e5ng film? Tidig julklapp f\u00f6r film\u00e4lskaren \u00e4r nu gratis hos SVT Play\" class=\"underline-custom !font-montserrat !font-bold !underline-offset-4 !decoration-4 !decoration-moviezine-green !text-md\" rel=\"nofollow noopener\" target=\"_blank\">Sugen p\u00e5 en 7 timmar l\u00e5ng film? Tidig julklapp f\u00f6r film\u00e4lskaren \u00e4r nu gratis hos SVT Play<\/a><\/p>\n","protected":false},"excerpt":{"rendered":"Fansen v\u00e4ntar sp\u00e4nt p\u00e5 n\u00e4sta film i \u201dAvengers\u201d-sagan, som g\u00e5r upp p\u00e5 bio i december 2026. Under tiden&hellip;\n","protected":false},"author":2,"featured_media":114759,"comment_status":"","ping_status":"","sticky":false,"template":"","format":"standard","meta":{"footnotes":""},"categories":[67],"tags":[104,2390,34,31,33,32,30,2044,105],"class_list":{"0":"post-114758","1":"post","2":"type-post","3":"status-publish","4":"format-standard","5":"has-post-thumbnail","7":"category-underhallning","8":"tag-entertainment","9":"tag-marvel","10":"tag-se","11":"tag-svenska","12":"tag-sverige","13":"tag-sweden","14":"tag-swedish","15":"tag-trailer","16":"tag-underhallning"},"share_on_mastodon":{"url":"https:\/\/pubeurope.com\/@se\/115768338866851583","error":""},"_links":{"self":[{"href":"https:\/\/www.europesays.com\/se\/wp-json\/wp\/v2\/posts\/114758","targetHints":{"allow":["GET"]}}],"collection":[{"href":"https:\/\/www.europesays.com\/se\/wp-json\/wp\/v2\/posts"}],"about":[{"href":"https:\/\/www.europesays.com\/se\/wp-json\/wp\/v2\/types\/post"}],"author":[{"embeddable":true,"href":"https:\/\/www.europesays.com\/se\/wp-json\/wp\/v2\/users\/2"}],"replies":[{"embeddable":true,"href":"https:\/\/www.europesays.com\/se\/wp-json\/wp\/v2\/comments?post=114758"}],"version-history":[{"count":0,"href":"https:\/\/www.europesays.com\/se\/wp-json\/wp\/v2\/posts\/114758\/revisions"}],"wp:featuredmedia":[{"embeddable":true,"href":"https:\/\/www.europesays.com\/se\/wp-json\/wp\/v2\/media\/114759"}],"wp:attachment":[{"href":"https:\/\/www.europesays.com\/se\/wp-json\/wp\/v2\/media?parent=114758"}],"wp:term":[{"taxonomy":"category","embeddable":true,"href":"https:\/\/www.europesays.com\/se\/wp-json\/wp\/v2\/categories?post=114758"},{"taxonomy":"post_tag","embeddable":true,"href":"https:\/\/www.europesays.com\/se\/wp-json\/wp\/v2\/tags?post=114758"}],"curies":[{"name":"wp","href":"https:\/\/api.w.org\/{rel}","templated":true}]}}