{"id":114768,"date":"2025-12-23T10:17:07","date_gmt":"2025-12-23T10:17:07","guid":{"rendered":"https:\/\/www.europesays.com\/se\/114768\/"},"modified":"2025-12-23T10:17:07","modified_gmt":"2025-12-23T10:17:07","slug":"anna-kournikova-44-har-fatt-sitt-fjarde-barn-med-enrique-iglesias","status":"publish","type":"post","link":"https:\/\/www.europesays.com\/se\/114768\/","title":{"rendered":"Anna Kournikova, 44, har f\u00e5tt sitt fj\u00e4rde barn med Enrique Iglesias"},"content":{"rendered":"<p>Publicerad 23 dec 2025 kl 10.59Uppdaterad kl 11.14<\/p>\n<p>Hon har h\u00e5llit allt hemligt.<\/p>\n<p>Men nu \u00e4r det k\u00e4nt att tennisstj\u00e4rnan Anna Kournikova, 44, f\u00e5tt sitt fj\u00e4rde barn med v\u00e4rldsartisten Enrique Iglesias, 50.<\/p>\n<p><img   alt=\"\"\/><\/p>\n<p>Familjelycka f\u00f6r Anna Kournikova och Enrique Iglesias.<\/p>\n<p>Foto: Instagram<\/p>\n<p>\u00d6ppna bild i helsk\u00e4rm<img loading=\"lazy\"   alt=\"\"\/><\/p>\n<p>Tennisstj\u00e4rnan visar upp barnet f\u00f6r sina f\u00f6ljare.<\/p>\n<p>Foto: Instagram<\/p>\n<p>\u00d6ppna bild i helsk\u00e4rm<img loading=\"lazy\"   alt=\"\"\/>\u00d6ppna bild i helsk\u00e4rm<\/p>\n<p>Den ryska tennisstj\u00e4rnan (och senare supermodellen) tr\u00e4ffade den spanska artisten under en musikvideoinspelning i december 2001.<\/p>\n<p>I en intervju tio \u00e5r senare uttryckte Kournikova sin \u00f6nskan om att en g\u00e5ng f\u00e5 ett barn. Men det skulle dr\u00f6ja ytterligare sex \u00e5r innan det blev verklighet.<\/p>\n<p>2017 f\u00f6ddes tvillingarna Lucy och Nicholas, och 2020 f\u00f6ddes dottern Mary.<\/p>\n<p>Och nu, som en f\u00f6r tidig julklapp, har stj\u00e4rnparet blivit f\u00f6r\u00e4ldrar p\u00e5 nytt.<\/p>\n<p>Den 44 \u00e5r gamla Kournikova offentligg\u00f6r nyheten p\u00e5 Instagram. Detta efter att ha varit hemlighetsfull om nytillskottet under hela graviditeten.<\/p>\n<p>\u201dMin solstr\u00e5le. 12.17.25\u201d, skriver 44-\u00e5ringen, tillsammans med en bild p\u00e5 barnet.<\/p>\n<p>Kournikovas val \u2013 dragit sig undan<\/p>\n<p>Kournikova har med \u00e5ren blivit allt mer ljusskygg och dragit sig undan offentligheten.<\/p>\n<p>Under de tidigare graviditeterna delades ofta bilder fr\u00e5n hela f\u00f6rloppet. Denna g\u00e5ng har den enda uppgiften om att paret v\u00e4ntar barn kommit fr\u00e5n en \u201dexklusiv k\u00e4lla\u201d till magasinet <a href=\"https:\/\/people.com\/anna-kournikova-is-pregnant-expecting-baby-no-4-with-enrique-iglesias-exclusive-11799077\" rel=\"nofollow noopener\" target=\"_blank\">People<\/a>.<\/p>\n<p>\u2013 De \u00e4r fantastiska f\u00f6r\u00e4ldrar till sina tre barn, och b\u00e5da tv\u00e5 \u00e4lskar processen, sa k\u00e4llan d\u00e5 och fortsatte:<\/p>\n<p>\u2013 Han (Enrique) \u00e4lskar sina fans och \u00e4lskar att turnera, men n\u00e4r han blivit \u00e4ldre och blivit f\u00f6r\u00e4lder har det blivit sv\u00e5rare f\u00f6r honom att \u00e5ka i v\u00e4g.<\/p>\n<p>Har 23 \u00e5r yngre bror<\/p>\n<p>Anna Kournikova avslutade sin tenniskarri\u00e4r bara 21 \u00e5r gammal till f\u00f6ljd av skador, och var som b\u00e4st \u00e5ttonderankad i v\u00e4rlden. Hon har senare arbetat som modell och blev 2010 framr\u00f6stad till \u201dv\u00e4rldshistoriens sexigaste tennisspelare\u201d.<\/p>\n<p>Hon \u00e4r syster till golftalangen Allan Kournikova, 21. Mamman Alla Kournikova f\u00f6dde allts\u00e5 de tv\u00e5 barnen vid 17 respektive 40 \u00e5rs \u00e5lder.<\/p>\n<p><a href=\"https:\/\/www.expressen.se\/tagg\/person\/enrique-iglesias\/\" class=\"\" rel=\"nofollow noopener\" target=\"_blank\">Enrique Iglesias<\/a> \u00e4r en av Spaniens mest framg\u00e5ngsrika artister genom tiderna.<\/p>\n<p><a href=\"https:\/\/www.instagram.com\/p\/DSlPfcHkakW\/?utm_source=ig_embed\" data-provider=\"instagram\" class=\"js-social-embed\" rel=\"nofollow noopener\" target=\"_blank\">https:\/\/www.instagram.com\/p\/DSlPfcHkakW\/?utm_source=ig_embed<\/a><script async src=\"\/\/www.instagram.com\/embed.js\"><\/script><\/p>\n","protected":false},"excerpt":{"rendered":"Publicerad 23 dec 2025 kl 10.59Uppdaterad kl 11.14 Hon har h\u00e5llit allt hemligt. Men nu \u00e4r det k\u00e4nt&hellip;\n","protected":false},"author":2,"featured_media":114769,"comment_status":"","ping_status":"","sticky":false,"template":"","format":"standard","meta":{"footnotes":""},"categories":[67],"tags":[104,12463,34,307,31,33,32,30,105],"class_list":{"0":"post-114768","1":"post","2":"type-post","3":"status-publish","4":"format-standard","5":"has-post-thumbnail","7":"category-underhallning","8":"tag-entertainment","9":"tag-person-enrique-iglesias","10":"tag-se","11":"tag-sections-tennis","12":"tag-svenska","13":"tag-sverige","14":"tag-sweden","15":"tag-swedish","16":"tag-underhallning"},"share_on_mastodon":{"url":"https:\/\/pubeurope.com\/@se\/115768370356054581","error":""},"_links":{"self":[{"href":"https:\/\/www.europesays.com\/se\/wp-json\/wp\/v2\/posts\/114768","targetHints":{"allow":["GET"]}}],"collection":[{"href":"https:\/\/www.europesays.com\/se\/wp-json\/wp\/v2\/posts"}],"about":[{"href":"https:\/\/www.europesays.com\/se\/wp-json\/wp\/v2\/types\/post"}],"author":[{"embeddable":true,"href":"https:\/\/www.europesays.com\/se\/wp-json\/wp\/v2\/users\/2"}],"replies":[{"embeddable":true,"href":"https:\/\/www.europesays.com\/se\/wp-json\/wp\/v2\/comments?post=114768"}],"version-history":[{"count":0,"href":"https:\/\/www.europesays.com\/se\/wp-json\/wp\/v2\/posts\/114768\/revisions"}],"wp:featuredmedia":[{"embeddable":true,"href":"https:\/\/www.europesays.com\/se\/wp-json\/wp\/v2\/media\/114769"}],"wp:attachment":[{"href":"https:\/\/www.europesays.com\/se\/wp-json\/wp\/v2\/media?parent=114768"}],"wp:term":[{"taxonomy":"category","embeddable":true,"href":"https:\/\/www.europesays.com\/se\/wp-json\/wp\/v2\/categories?post=114768"},{"taxonomy":"post_tag","embeddable":true,"href":"https:\/\/www.europesays.com\/se\/wp-json\/wp\/v2\/tags?post=114768"}],"curies":[{"name":"wp","href":"https:\/\/api.w.org\/{rel}","templated":true}]}}