{"id":114780,"date":"2025-12-23T10:28:08","date_gmt":"2025-12-23T10:28:08","guid":{"rendered":"https:\/\/www.europesays.com\/se\/114780\/"},"modified":"2025-12-23T10:28:08","modified_gmt":"2025-12-23T10:28:08","slug":"flicka-konsstympades-i-moske-mamman-doms","status":"publish","type":"post","link":"https:\/\/www.europesays.com\/se\/114780\/","title":{"rendered":"Flicka k\u00f6nsstympades i mosk\u00e9 \u2013 mamman d\u00f6ms"},"content":{"rendered":"<p class=\"sc-c25743f0-0 sc-e37c0145-2 hObFds DQgPn\">Den sju\u00e5riga flickan f\u00f6rdes till sjukhus med ambulans <a href=\"https:\/\/www.tv4.se\/artikel\/6AwFkE0pkYLx1FbL2Lw39U\/foeraeldrar-misstaenks-ha-skurit-dottern-i-underlivet-i-en-moske\" class=\"pcc\" target=\"_top\" rel=\"nofollow noopener\">fr\u00e5n en ort i S\u00f6dermanland sommaren 2022<\/a>.<\/p>\n<p class=\"sc-c25743f0-0 sc-e37c0145-2 hObFds DQgPn\">Barnet sj\u00e4lv, hennes familj och sl\u00e4ktingar p\u00e5 plats h\u00e4vdade att hon varit med om en cykelolycka, och att det var d\u00e4rf\u00f6r hon bl\u00f6dde kraftigt fr\u00e5n underlivet. Men sjukhuset, som bed\u00f6mde att hon f\u00f6rlorat mycket blod och var i livsfara, trodde inte p\u00e5 deras historia. I st\u00e4llet misst\u00e4nkte l\u00e4karna att den lilla flickan blivit k\u00f6nsstympad.<\/p>\n<p class=\"sc-c25743f0-0 sc-e37c0145-2 hObFds DQgPn\">Polisen kopplades d\u00e4rf\u00f6r in men lade efter drygt ett \u00e5r ned utredningen i brist p\u00e5 bevis, n\u00e5got som \u00e4r vanligt i \u00e4renden om k\u00f6nsstympning.<\/p>\n<p class=\"sc-c25743f0-0 sc-e37c0145-2 hObFds DQgPn\">Men under h\u00f6sten 2024 tog fallet en ny v\u00e4ndning. Flickan, som var placerad p\u00e5 ett familjehem av socialtj\u00e4nsten, b\u00f6rjade ber\u00e4tta. Sju\u00e5ringen beskrev hur hon l\u00e5g p\u00e5 en madrass inne i en mosk\u00e9, blev sydd i underlivet och fick \u201ddroger\u201d n\u00e4r hon skrek av sm\u00e4rta. Hon uppgav att hennes mamma, pappa och ytterligare en anh\u00f6rig var p\u00e5 plats.<\/p>\n<p class=\"sc-c25743f0-0 sc-e37c0145-2 hObFds DQgPn\">Polisen valde d\u00e5 att ta till den ovanliga metoden att i smyg ta sig in i familjens l\u00e4genhet och rigga mikrofoner. Utredarna kunde d\u00e5 h\u00f6ra hur mamman f\u00f6rs\u00f6kte tysta vittnen, prata ihop sig inf\u00f6r f\u00f6rh\u00f6ren och till slut h\u00f6rdes det \u00e5klagaren menar \u00e4r ett erk\u00e4nnande: Mamman ber\u00e4ttade att dottern blivit skuren i underlivet \u2013 och inte ramlat med cykeln.<\/p>\n<p class=\"sc-c25743f0-0 sc-e37c0145-2 hObFds DQgPn\">I dag, efter en omfattande utredning, f\u00f6ll domen mot f\u00f6r\u00e4ldraparet och en anh\u00f6rig.<\/p>\n<p class=\"sc-c25743f0-0 sc-e37c0145-2 hObFds DQgPn\">Mamman d\u00f6mdes f\u00f6r grov misshandel, i st\u00e4llet f\u00f6r synnerligen grovt. Hon fick f\u00e4ngelse i tre \u00e5r och tre m\u00e5nader. Pappan och den anh\u00f6riga friades helt fr\u00e5n misstankarna om att ha skurit flickan i underlivet.<\/p>\n<p class=\"sc-c25743f0-0 sc-e37c0145-2 hObFds DQgPn\">Enligt r\u00e4tten har utredningen inte kunnat bevisa exakt vem eller vilka som utf\u00f6rde ingreppet, och inte heller p\u00e5 vilken plats. Men att mamman d\u00f6mts f\u00f6r att hon som v\u00e5rdnadshavare, med s\u00e5 kallad <a href=\"https:\/\/www.riksdagen.se\/sv\/dokument-och-lagar\/dokument\/kommittedirektiv\/skyldighet-att-agera-vid-farliga-situationer-eller_gxb182\/\" class=\"pcc\" target=\"_blank\" rel=\"noopener noreferrer nofollow\">garantst\u00e4llning<\/a>, inte hindrade att hennes dotter blev skuren i underlivet.<\/p>\n<p class=\"sc-c25743f0-0 sc-e37c0145-2 hObFds DQgPn\">\u201dTingsr\u00e4tten har funnit att n\u00e5gon eller n\u00e5gra skurit i flickans underliv. Skadan orsakades allts\u00e5 inte av en cykelolycka. Utredningen har inte l\u00e4mnat s\u00e4kra svar p\u00e5 vem eller vilka som utf\u00f6rde ingreppet. (&#8230;) Tingsr\u00e4tten har \u00e4nd\u00e5 bed\u00f6mt att mamman m\u00e5ste ha k\u00e4nt till att ingreppet skulle ske och att hon gjort sig skyldig till brott genom att inte skydda flickan\u201d, skriver domstolen.<\/p>\n<p class=\"sc-c25743f0-0 sc-e37c0145-2 hObFds DQgPn\">\u2013 \u00c4ven om mycket talar f\u00f6r att flickan utsattes f\u00f6r k\u00f6nsstympning har detta inte kunnat sl\u00e5s fast. Men att det inte g\u00e5tt att klarl\u00e4gga motivet till att flickan skadades har inte p\u00e5verkat tingsr\u00e4ttens bed\u00f6mning i skuldfr\u00e5gan, s\u00e4ger chefsr\u00e5dmannen Adrian Engman i ett pressmeddelande.<\/p>\n<p class=\"sc-c25743f0-0 sc-e37c0145-2 hObFds DQgPn\">Under f\u00f6rh\u00f6ren med de andra barnen i familjen framgick \u00e4ven att de utsatts f\u00f6r v\u00e5ld. Mamman friades fr\u00e5n de misstankarna men pappan d\u00f6mdes till b\u00f6ter p\u00e5 1 500 kronor f\u00f6r ett misshandelsfall och barnfridsbrott, men friades fr\u00e5n andra misstankar om v\u00e5ld.<\/p>\n<p class=\"sc-c25743f0-0 sc-e37c0145-2 hObFds DQgPn\">Domen \u00e4r den sj\u00e4tte sedan 1982 d\u00e5 k\u00f6nsstympning f\u00f6rbj\u00f6ds i Sverige. I fyra av de fem tidigare fallen har f\u00e4llande domar meddelats. I detta m\u00e5l har brottet mot flickan inte rubricerats som k\u00f6nsstympning eftersom den metod som anv\u00e4ndes inte omfattas av lagen om f\u00f6rbud mot k\u00f6nsstympning.<\/p>\n<p class=\"sc-c25743f0-0 sc-e37c0145-2 hObFds DQgPn\">Texten uppdateras<\/p>\n","protected":false},"excerpt":{"rendered":"Den sju\u00e5riga flickan f\u00f6rdes till sjukhus med ambulans fr\u00e5n en ort i S\u00f6dermanland sommaren 2022. Barnet sj\u00e4lv, hennes&hellip;\n","protected":false},"author":2,"featured_media":77179,"comment_status":"","ping_status":"","sticky":false,"template":"","format":"standard","meta":{"footnotes":""},"categories":[14],"tags":[22,23,26,27,17,21,24,25,28,29,15,16,18,34,31,33,32,30,19,20,51,52,53,54],"class_list":{"0":"post-114780","1":"post","2":"type-post","3":"status-publish","4":"format-standard","5":"has-post-thumbnail","7":"category-varlden","8":"tag-breaking-news","9":"tag-breakingnews","10":"tag-featured-news","11":"tag-featurednews","12":"tag-headlines","13":"tag-huvudnyheter","14":"tag-latest-news","15":"tag-latestnews","16":"tag-main-news","17":"tag-mainnews","18":"tag-news","19":"tag-nyheter","20":"tag-rubriker","21":"tag-se","22":"tag-svenska","23":"tag-sverige","24":"tag-sweden","25":"tag-swedish","26":"tag-top-stories","27":"tag-topstories","28":"tag-varlden","29":"tag-world","30":"tag-world-news","31":"tag-worldnews"},"share_on_mastodon":{"url":"https:\/\/pubeurope.com\/@se\/115768413600673117","error":""},"_links":{"self":[{"href":"https:\/\/www.europesays.com\/se\/wp-json\/wp\/v2\/posts\/114780","targetHints":{"allow":["GET"]}}],"collection":[{"href":"https:\/\/www.europesays.com\/se\/wp-json\/wp\/v2\/posts"}],"about":[{"href":"https:\/\/www.europesays.com\/se\/wp-json\/wp\/v2\/types\/post"}],"author":[{"embeddable":true,"href":"https:\/\/www.europesays.com\/se\/wp-json\/wp\/v2\/users\/2"}],"replies":[{"embeddable":true,"href":"https:\/\/www.europesays.com\/se\/wp-json\/wp\/v2\/comments?post=114780"}],"version-history":[{"count":0,"href":"https:\/\/www.europesays.com\/se\/wp-json\/wp\/v2\/posts\/114780\/revisions"}],"wp:featuredmedia":[{"embeddable":true,"href":"https:\/\/www.europesays.com\/se\/wp-json\/wp\/v2\/media\/77179"}],"wp:attachment":[{"href":"https:\/\/www.europesays.com\/se\/wp-json\/wp\/v2\/media?parent=114780"}],"wp:term":[{"taxonomy":"category","embeddable":true,"href":"https:\/\/www.europesays.com\/se\/wp-json\/wp\/v2\/categories?post=114780"},{"taxonomy":"post_tag","embeddable":true,"href":"https:\/\/www.europesays.com\/se\/wp-json\/wp\/v2\/tags?post=114780"}],"curies":[{"name":"wp","href":"https:\/\/api.w.org\/{rel}","templated":true}]}}