{"id":114786,"date":"2025-12-23T10:36:08","date_gmt":"2025-12-23T10:36:08","guid":{"rendered":"https:\/\/www.europesays.com\/se\/114786\/"},"modified":"2025-12-23T10:36:08","modified_gmt":"2025-12-23T10:36:08","slug":"larare-doms-till-fangelse-for-valdtakt-mot-barn","status":"publish","type":"post","link":"https:\/\/www.europesays.com\/se\/114786\/","title":{"rendered":"L\u00e4rare d\u00f6ms till f\u00e4ngelse f\u00f6r v\u00e5ldt\u00e4kt mot barn"},"content":{"rendered":"<p>De tre utsatta flickorna, som \u00e4r i mellanstadie\u00e5ldern, \u00e4r hemmah\u00f6rande i andra delar av Sverige. I samtliga fall \u00e4r det fr\u00e5ga om \u00f6vergrepp p\u00e5 distans via appen Snapchat. <\/p>\n<p>Nekar till v\u00e5ldt\u00e4kt<\/p>\n<p>L\u00e4raren har f\u00f6rm\u00e5tt flickorna att skicka bilder och filmer p\u00e5 sig sj\u00e4lva till honom med sexuellt inneh\u00e5ll. Han har ocks\u00e5 skickat bilder och filmer p\u00e5 sig sj\u00e4lv till flickorna med sexuellt inneh\u00e5ll.<\/p>\n<p>Mannen har medgivit omst\u00e4ndigheterna och erk\u00e4nt att g\u00e4rningarna \u00e4r otillb\u00f6rliga, men f\u00f6rnekar att det varit fr\u00e5ga om v\u00e5ldt\u00e4kt mot barn och sexuella \u00f6vergrepp mot barn.<\/p>\n<p>L\u00e4raren d\u00f6ms f\u00f6r tv\u00e5 fall av v\u00e5ldt\u00e4kt mot en av flickorna. Han frias fr\u00e5n v\u00e5ldt\u00e4kt mot en annan flicka, d\u00e4r d\u00f6ms han ist\u00e4llet f\u00f6r utnyttjande av barn f\u00f6r sexuell posering.<\/p>\n<p>Skadest\u00e5nd<\/p>\n<p>R\u00e4tten f\u00f6r en l\u00e5ng diskussion om hur l\u00e5ngt f\u00e4ngelsestraff l\u00e4raren ska f\u00e5. I sin slutsats kommer man fram till att straffv\u00e4rdet egentligen \u00e4r mer \u00e4n fem \u00e5rs f\u00e4ngelse. Men man tar h\u00e4nsyn till att mannen aldrig mer kommer att kunna jobba som l\u00e4rare efter domen och d\u00f6mer honom till exakt fem \u00e5rs f\u00e4ngelse.<\/p>\n<p>L\u00e4raren ska ocks\u00e5 betala skadest\u00e5nd till en flicka, hemmah\u00f6rande i Norrbotten, p\u00e5 410\u00a0000 kronor. De andra flickorna, som \u00e4r hemmah\u00f6rande i V\u00e4stra G\u00f6taland, f\u00e5r 25\u00a0000 respektive 20\u00a0000 kronor.<\/p>\n","protected":false},"excerpt":{"rendered":"De tre utsatta flickorna, som \u00e4r i mellanstadie\u00e5ldern, \u00e4r hemmah\u00f6rande i andra delar av Sverige. I samtliga fall&hellip;\n","protected":false},"author":2,"featured_media":114787,"comment_status":"","ping_status":"","sticky":false,"template":"","format":"standard","meta":{"footnotes":""},"categories":[14],"tags":[22,23,26,27,17,21,24,25,28,29,15,16,18,34,31,33,32,30,19,20,51,52,53,54],"class_list":{"0":"post-114786","1":"post","2":"type-post","3":"status-publish","4":"format-standard","5":"has-post-thumbnail","7":"category-varlden","8":"tag-breaking-news","9":"tag-breakingnews","10":"tag-featured-news","11":"tag-featurednews","12":"tag-headlines","13":"tag-huvudnyheter","14":"tag-latest-news","15":"tag-latestnews","16":"tag-main-news","17":"tag-mainnews","18":"tag-news","19":"tag-nyheter","20":"tag-rubriker","21":"tag-se","22":"tag-svenska","23":"tag-sverige","24":"tag-sweden","25":"tag-swedish","26":"tag-top-stories","27":"tag-topstories","28":"tag-varlden","29":"tag-world","30":"tag-world-news","31":"tag-worldnews"},"share_on_mastodon":{"url":"https:\/\/pubeurope.com\/@se\/115768445096371669","error":""},"_links":{"self":[{"href":"https:\/\/www.europesays.com\/se\/wp-json\/wp\/v2\/posts\/114786","targetHints":{"allow":["GET"]}}],"collection":[{"href":"https:\/\/www.europesays.com\/se\/wp-json\/wp\/v2\/posts"}],"about":[{"href":"https:\/\/www.europesays.com\/se\/wp-json\/wp\/v2\/types\/post"}],"author":[{"embeddable":true,"href":"https:\/\/www.europesays.com\/se\/wp-json\/wp\/v2\/users\/2"}],"replies":[{"embeddable":true,"href":"https:\/\/www.europesays.com\/se\/wp-json\/wp\/v2\/comments?post=114786"}],"version-history":[{"count":0,"href":"https:\/\/www.europesays.com\/se\/wp-json\/wp\/v2\/posts\/114786\/revisions"}],"wp:featuredmedia":[{"embeddable":true,"href":"https:\/\/www.europesays.com\/se\/wp-json\/wp\/v2\/media\/114787"}],"wp:attachment":[{"href":"https:\/\/www.europesays.com\/se\/wp-json\/wp\/v2\/media?parent=114786"}],"wp:term":[{"taxonomy":"category","embeddable":true,"href":"https:\/\/www.europesays.com\/se\/wp-json\/wp\/v2\/categories?post=114786"},{"taxonomy":"post_tag","embeddable":true,"href":"https:\/\/www.europesays.com\/se\/wp-json\/wp\/v2\/tags?post=114786"}],"curies":[{"name":"wp","href":"https:\/\/api.w.org\/{rel}","templated":true}]}}