{"id":114794,"date":"2025-12-23T10:44:08","date_gmt":"2025-12-23T10:44:08","guid":{"rendered":"https:\/\/www.europesays.com\/se\/114794\/"},"modified":"2025-12-23T10:44:08","modified_gmt":"2025-12-23T10:44:08","slug":"flicka-skars-i-underlivet-mamma-doms-till-fangelse","status":"publish","type":"post","link":"https:\/\/www.europesays.com\/se\/114794\/","title":{"rendered":"Flicka skars i underlivet \u2013 mamma d\u00f6ms till f\u00e4ngelse"},"content":{"rendered":"<p>En mamma d\u00f6ms till drygt tre \u00e5rs f\u00e4ngelse efter att hennes sju\u00e5riga dotter skurits i underlivet, enligt ett pressmeddelande fr\u00e5n Nyk\u00f6pings tingsr\u00e4tt.<\/p>\n<p>Flickan f\u00f6rdes till sjukhus med bl\u00f6dning och familjen p\u00e5stod att hon r\u00e5kat ut f\u00f6r en cykelolycka. Enligt \u00e5klagaren hade hon k\u00f6nsstympats.<\/p>\n<p>\u2013 \u00c4ven om mycket talar f\u00f6r att flickan utsattes f\u00f6r k\u00f6nsstympning har detta inte kunnat sl\u00e5s fast. Men att det inte g\u00e5tt att klarl\u00e4gga motivet till att flickan skadades har inte p\u00e5verkat tingsr\u00e4ttens bed\u00f6mning i skuldfr\u00e5gan, s\u00e4ger chefsr\u00e5dmannen Adrian Engman.<\/p>\n<p>Utredningen har inte kunnat ge svar p\u00e5 vem eller vilka som utf\u00f6rt ingreppet, men domstolen anser att mamman m\u00e5ste ha k\u00e4nt till att det skulle ske. Hon anses ha gjort sig skyldig till brott genom att inte skydda flickan.<\/p>\n<p>\u00c4ven pappan stod \u00e5talad, samt en kvinnlig sl\u00e4kting. B\u00e5da frias fr\u00e5n \u00e5talet som g\u00e4ller flickan, men pappan d\u00f6ms f\u00f6r misshandel av ett annat barn i familjen.<\/p>\n<p>Omni \u00e4r politiskt obundna och oberoende. Vi str\u00e4var efter att ge fler perspektiv p\u00e5 nyheterna. Har du fr\u00e5gor eller synpunkter kring v\u00e5r rapportering? <a href=\"https:\/\/omni.se\/flicka-skars-i-underlivet-mamma-doms-till-fangelse\/a\/mailto:redaktion@omni.se\" class=\"ArticleActions_contactLink__W2F1M\" rel=\"nofollow noopener\" target=\"_blank\">Kontakta redaktionen<\/a><\/p>\n","protected":false},"excerpt":{"rendered":"En mamma d\u00f6ms till drygt tre \u00e5rs f\u00e4ngelse efter att hennes sju\u00e5riga dotter skurits i underlivet, enligt ett&hellip;\n","protected":false},"author":2,"featured_media":114795,"comment_status":"","ping_status":"","sticky":false,"template":"","format":"standard","meta":{"footnotes":""},"categories":[14],"tags":[22,23,128,26,27,17,21,24,25,28,29,15,16,18,34,1547,31,33,32,30,19,20,51,52,53,54],"class_list":{"0":"post-114794","1":"post","2":"type-post","3":"status-publish","4":"format-standard","5":"has-post-thumbnail","7":"category-varlden","8":"tag-breaking-news","9":"tag-breakingnews","10":"tag-brott","11":"tag-featured-news","12":"tag-featurednews","13":"tag-headlines","14":"tag-huvudnyheter","15":"tag-latest-news","16":"tag-latestnews","17":"tag-main-news","18":"tag-mainnews","19":"tag-news","20":"tag-nyheter","21":"tag-rubriker","22":"tag-se","23":"tag-sodermanlands-lan","24":"tag-svenska","25":"tag-sverige","26":"tag-sweden","27":"tag-swedish","28":"tag-top-stories","29":"tag-topstories","30":"tag-varlden","31":"tag-world","32":"tag-world-news","33":"tag-worldnews"},"share_on_mastodon":{"url":"https:\/\/pubeurope.com\/@se\/115768476578084653","error":""},"_links":{"self":[{"href":"https:\/\/www.europesays.com\/se\/wp-json\/wp\/v2\/posts\/114794","targetHints":{"allow":["GET"]}}],"collection":[{"href":"https:\/\/www.europesays.com\/se\/wp-json\/wp\/v2\/posts"}],"about":[{"href":"https:\/\/www.europesays.com\/se\/wp-json\/wp\/v2\/types\/post"}],"author":[{"embeddable":true,"href":"https:\/\/www.europesays.com\/se\/wp-json\/wp\/v2\/users\/2"}],"replies":[{"embeddable":true,"href":"https:\/\/www.europesays.com\/se\/wp-json\/wp\/v2\/comments?post=114794"}],"version-history":[{"count":0,"href":"https:\/\/www.europesays.com\/se\/wp-json\/wp\/v2\/posts\/114794\/revisions"}],"wp:featuredmedia":[{"embeddable":true,"href":"https:\/\/www.europesays.com\/se\/wp-json\/wp\/v2\/media\/114795"}],"wp:attachment":[{"href":"https:\/\/www.europesays.com\/se\/wp-json\/wp\/v2\/media?parent=114794"}],"wp:term":[{"taxonomy":"category","embeddable":true,"href":"https:\/\/www.europesays.com\/se\/wp-json\/wp\/v2\/categories?post=114794"},{"taxonomy":"post_tag","embeddable":true,"href":"https:\/\/www.europesays.com\/se\/wp-json\/wp\/v2\/tags?post=114794"}],"curies":[{"name":"wp","href":"https:\/\/api.w.org\/{rel}","templated":true}]}}