{"id":114804,"date":"2025-12-23T10:52:07","date_gmt":"2025-12-23T10:52:07","guid":{"rendered":"https:\/\/www.europesays.com\/se\/114804\/"},"modified":"2025-12-23T10:52:07","modified_gmt":"2025-12-23T10:52:07","slug":"kinesiska-singelman-ar-desperata-julens-nostalgi-helar-p3-nyheter-med-johanna-gruter-23-december-2025-p3-nyheter-med","status":"publish","type":"post","link":"https:\/\/www.europesays.com\/se\/114804\/","title":{"rendered":"Kinesiska singelm\u00e4n \u00e4r desperata\u00a0&#038; julens nostalgi helar \u2013 P3 Nyheter med Johanna Gr\u00fcter 23 december 2025 &#8211; P3 Nyheter med"},"content":{"rendered":"<p>Kinesiska singelm\u00e4n \u00e4r i desperat jakt p\u00e5 fruar, rapporterar TT. I Kina r\u00e5der det n\u00e4mligen \u00f6verskott p\u00e5 m\u00e4n efter \u00e5rtionden av ettbarnspolitiken. Sedan 2015 har ettbarnspolitiken stoppats, men det har inte lett till n\u00e5gon st\u00f6rre \u00f6kning av barnaf\u00f6dslar. Det h\u00e4r g\u00f6r att konkurrensen p\u00e5 dejtingmarknaden f\u00f6r killar som dejtar tjejer h\u00e5rdnar.<\/p>\n<p>Sedan pratar vi om julens nostalgi, som inte bara \u00e4r mysig \u2013 den kan lindra stress och r\u00e4dsla. DN har pratat med sociologen Per Johnson som beskriver nostalgi som en st\u00f6ttepelare man kan anv\u00e4nda n\u00e4r man drabbats av n\u00e5got sv\u00e5rt.<\/p>\n","protected":false},"excerpt":{"rendered":"Kinesiska singelm\u00e4n \u00e4r i desperat jakt p\u00e5 fruar, rapporterar TT. I Kina r\u00e5der det n\u00e4mligen \u00f6verskott p\u00e5 m\u00e4n&hellip;\n","protected":false},"author":2,"featured_media":9350,"comment_status":"","ping_status":"","sticky":false,"template":"","format":"standard","meta":{"footnotes":""},"categories":[14],"tags":[22,23,26,27,17,21,24,25,28,29,15,16,18,34,31,33,32,30,19,20,51,52,53,54],"class_list":{"0":"post-114804","1":"post","2":"type-post","3":"status-publish","4":"format-standard","5":"has-post-thumbnail","7":"category-varlden","8":"tag-breaking-news","9":"tag-breakingnews","10":"tag-featured-news","11":"tag-featurednews","12":"tag-headlines","13":"tag-huvudnyheter","14":"tag-latest-news","15":"tag-latestnews","16":"tag-main-news","17":"tag-mainnews","18":"tag-news","19":"tag-nyheter","20":"tag-rubriker","21":"tag-se","22":"tag-svenska","23":"tag-sverige","24":"tag-sweden","25":"tag-swedish","26":"tag-top-stories","27":"tag-topstories","28":"tag-varlden","29":"tag-world","30":"tag-world-news","31":"tag-worldnews"},"share_on_mastodon":{"url":"https:\/\/pubeurope.com\/@se\/115768508029177746","error":""},"_links":{"self":[{"href":"https:\/\/www.europesays.com\/se\/wp-json\/wp\/v2\/posts\/114804","targetHints":{"allow":["GET"]}}],"collection":[{"href":"https:\/\/www.europesays.com\/se\/wp-json\/wp\/v2\/posts"}],"about":[{"href":"https:\/\/www.europesays.com\/se\/wp-json\/wp\/v2\/types\/post"}],"author":[{"embeddable":true,"href":"https:\/\/www.europesays.com\/se\/wp-json\/wp\/v2\/users\/2"}],"replies":[{"embeddable":true,"href":"https:\/\/www.europesays.com\/se\/wp-json\/wp\/v2\/comments?post=114804"}],"version-history":[{"count":0,"href":"https:\/\/www.europesays.com\/se\/wp-json\/wp\/v2\/posts\/114804\/revisions"}],"wp:featuredmedia":[{"embeddable":true,"href":"https:\/\/www.europesays.com\/se\/wp-json\/wp\/v2\/media\/9350"}],"wp:attachment":[{"href":"https:\/\/www.europesays.com\/se\/wp-json\/wp\/v2\/media?parent=114804"}],"wp:term":[{"taxonomy":"category","embeddable":true,"href":"https:\/\/www.europesays.com\/se\/wp-json\/wp\/v2\/categories?post=114804"},{"taxonomy":"post_tag","embeddable":true,"href":"https:\/\/www.europesays.com\/se\/wp-json\/wp\/v2\/tags?post=114804"}],"curies":[{"name":"wp","href":"https:\/\/api.w.org\/{rel}","templated":true}]}}