{"id":114814,"date":"2025-12-23T11:00:32","date_gmt":"2025-12-23T11:00:32","guid":{"rendered":"https:\/\/www.europesays.com\/se\/114814\/"},"modified":"2025-12-23T11:00:32","modified_gmt":"2025-12-23T11:00:32","slug":"ryska-attacker-mot-flera-stader-2","status":"publish","type":"post","link":"https:\/\/www.europesays.com\/se\/114814\/","title":{"rendered":"Ryska attacker mot flera st\u00e4der"},"content":{"rendered":"<p class=\"boxtextgrotesk-root_baa6 hyperion-css-7pajle\">Uppdaterad 08.43 | Publicerad 06.11<\/p>\n<p>share-arrowDela<\/p>\n<p>unsaveSpara<\/p>\n<p>expand-left<\/p>\n<p>helsk\u00e4rm<img decoding=\"async\" class=\"image-asset hyperion-css-u06ts1\" data-test-tag=\"image-asset\" src=\"https:\/\/www.europesays.com\/se\/wp-content\/uploads\/2025\/12\/4c711709-e3b5-47eb-b1f1-f20ec6c7bc18\"  alt=\"Arkivbild p\u00e5 Kiev.\"  loading=\"eager\" fetchpriority=\"high\" style=\"aspect-ratio:1900 \/ 1267\"\/>Arkivbild p\u00e5 Kiev. Foto: Ola Torkelsson \/ TT<\/p>\n<p class=\"hyperion-css-1shl3oz\" data-test-tag=\"lead-text\">Ryssland har attackerat flera ukrainska st\u00e4der under natten.<\/p>\n<p class=\"hyperion-css-1shl3oz\" data-test-tag=\"lead-text\">Flyglarm har ljudit i n\u00e4stan hela landet.<\/p>\n<p class=\"hyperion-css-1v9qo5x\">Med hundratals dr\u00f6nare och robotar har <a data-test-tag=\"internal-link\" href=\"https:\/\/www.aftonbladet.se\/tagg\/ryssland\" class=\"hyperion-css-15jkft9\" rel=\"nofollow noopener\" target=\"\" aria-label=\"Ryssland\">Ryssland<\/a> genomf\u00f6rt en omfattande attack mot framf\u00f6rallt Ukrainas energiinfrastruktur.<\/p>\n<p class=\"hyperion-css-1v9qo5x\">I de v\u00e4stra delarna av landet har explosioner h\u00f6rts i staden Rivne samt i omr\u00e5den l\u00e4ngs den sydv\u00e4stra gr\u00e4nsen. I landets mitt har bland annat staden Tjerkasy attackerats liksom huvudstaden <a data-test-tag=\"internal-link\" href=\"https:\/\/www.aftonbladet.se\/tagg\/kiev\" class=\"hyperion-css-15jkft9\" rel=\"nofollow noopener\" target=\"\" aria-label=\"Kiev\">Kiev<\/a>, rapporterar Kiev Independent.<\/p>\n<p class=\"hyperion-css-1v9qo5x\">Rapporter om attacker f\u00f6rekommer fr\u00e5n fler st\u00e4der.<\/p>\n<p class=\"hyperion-css-1v9qo5x\">Nattens anfall har framf\u00f6rallt riktat in sig p\u00e5 energianl\u00e4ggningar och skadornas omfattning \u00e4r \u00e4nnu inte k\u00e4nd. Rapporter om skadade och d\u00f6da finns inte heller i nul\u00e4get.<\/p>\n<p>\u201dLigger i ryssarnas natur\u201d<\/p>\n<p class=\"hyperion-css-1v9qo5x\">Attackerna kommer i samband med att landets president <a data-test-tag=\"internal-link\" href=\"https:\/\/www.aftonbladet.se\/tagg\/volodymyr-zelenskyj\" class=\"hyperion-css-15jkft9\" rel=\"nofollow noopener\" target=\"\" aria-label=\"Volodymyr Zelenskyj\">Volodymyr Zelenskyj<\/a> varnat f\u00f6r att Ryssland, enligt ukrainska underr\u00e4ttelser, f\u00f6rbereder sig f\u00f6r omfattande attacker mot Ukraina under julhelgen och att befolkningen m\u00e5ste ta h\u00f6jd f\u00f6r flyganfall de kommande dagarna, enligt landets public service-kanal Suspilne.<\/p>\n<p class=\"hyperion-css-1v9qo5x\">\u2013 Det ligger i (ryssarnas) natur att genomf\u00f6ra n\u00e5gon form av massiv attack under v\u00e5r jul, sade Zelenskyj i ett tal under m\u00e5ndagen.<\/p>\n<p class=\"hyperion-css-1v9qo5x\">Kremls talesperson Dmitri Peskov har avf\u00e4rdat en vapenvila under julen med anledning att det skulle ge Ukraina ett tillf\u00e4lligt andrum, enligt Kiev Independent.<\/p>\n","protected":false},"excerpt":{"rendered":"Uppdaterad 08.43 | Publicerad 06.11 share-arrowDela unsaveSpara expand-left helsk\u00e4rmArkivbild p\u00e5 Kiev. Foto: Ola Torkelsson \/ TT Ryssland har&hellip;\n","protected":false},"author":2,"featured_media":114815,"comment_status":"","ping_status":"","sticky":false,"template":"","format":"standard","meta":{"footnotes":""},"categories":[14],"tags":[22,23,26,27,17,21,24,25,28,29,15,16,18,34,31,33,32,30,19,20,51,52,53,54],"class_list":{"0":"post-114814","1":"post","2":"type-post","3":"status-publish","4":"format-standard","5":"has-post-thumbnail","7":"category-varlden","8":"tag-breaking-news","9":"tag-breakingnews","10":"tag-featured-news","11":"tag-featurednews","12":"tag-headlines","13":"tag-huvudnyheter","14":"tag-latest-news","15":"tag-latestnews","16":"tag-main-news","17":"tag-mainnews","18":"tag-news","19":"tag-nyheter","20":"tag-rubriker","21":"tag-se","22":"tag-svenska","23":"tag-sverige","24":"tag-sweden","25":"tag-swedish","26":"tag-top-stories","27":"tag-topstories","28":"tag-varlden","29":"tag-world","30":"tag-world-news","31":"tag-worldnews"},"share_on_mastodon":{"url":"https:\/\/pubeurope.com\/@se\/115768539635992236","error":""},"_links":{"self":[{"href":"https:\/\/www.europesays.com\/se\/wp-json\/wp\/v2\/posts\/114814","targetHints":{"allow":["GET"]}}],"collection":[{"href":"https:\/\/www.europesays.com\/se\/wp-json\/wp\/v2\/posts"}],"about":[{"href":"https:\/\/www.europesays.com\/se\/wp-json\/wp\/v2\/types\/post"}],"author":[{"embeddable":true,"href":"https:\/\/www.europesays.com\/se\/wp-json\/wp\/v2\/users\/2"}],"replies":[{"embeddable":true,"href":"https:\/\/www.europesays.com\/se\/wp-json\/wp\/v2\/comments?post=114814"}],"version-history":[{"count":0,"href":"https:\/\/www.europesays.com\/se\/wp-json\/wp\/v2\/posts\/114814\/revisions"}],"wp:featuredmedia":[{"embeddable":true,"href":"https:\/\/www.europesays.com\/se\/wp-json\/wp\/v2\/media\/114815"}],"wp:attachment":[{"href":"https:\/\/www.europesays.com\/se\/wp-json\/wp\/v2\/media?parent=114814"}],"wp:term":[{"taxonomy":"category","embeddable":true,"href":"https:\/\/www.europesays.com\/se\/wp-json\/wp\/v2\/categories?post=114814"},{"taxonomy":"post_tag","embeddable":true,"href":"https:\/\/www.europesays.com\/se\/wp-json\/wp\/v2\/tags?post=114814"}],"curies":[{"name":"wp","href":"https:\/\/api.w.org\/{rel}","templated":true}]}}