{"id":114826,"date":"2025-12-23T11:08:34","date_gmt":"2025-12-23T11:08:34","guid":{"rendered":"https:\/\/www.europesays.com\/se\/114826\/"},"modified":"2025-12-23T11:08:34","modified_gmt":"2025-12-23T11:08:34","slug":"saab-far-miljardorder-fran-forsvarsmakten","status":"publish","type":"post","link":"https:\/\/www.europesays.com\/se\/114826\/","title":{"rendered":"Saab f\u00e5r miljardorder fr\u00e5n F\u00f6rsvarsmakten"},"content":{"rendered":"<p class=\"font-sans text-base text-text-main dark:text-text-main-dark font-normal leading-[1.4]\">Orderv\u00e4rdet \u00e4r 1,1 miljarder kronor och leverans sker 2027, enligt ett pressmeddelande.<\/p>\n<p>Ordern avser den senaste versionen av Arthur som ger m\u00f6jlighet att varna f\u00f6r inkommande indirekt eld p\u00e5 ett avst\u00e5nd p\u00e5 upp till 100 km. Saab ansvarar \u00e4ven f\u00f6r fordonsintegration av radarsystemen.<\/p>\n<p>Avtalet med FMV inneh\u00e5ller \u00e4ven optioner p\u00e5 fler system och support \u00f6ver 15 \u00e5r f\u00f6r Sverige. Avtalet \u00e4r upphandlat med m\u00f6jlighet till anslutning av andra samarbetsnationer.<br class=\"col-start-2\"\/><\/p>\n","protected":false},"excerpt":{"rendered":"Orderv\u00e4rdet \u00e4r 1,1 miljarder kronor och leverans sker 2027, enligt ett pressmeddelande. Ordern avser den senaste versionen av&hellip;\n","protected":false},"author":2,"featured_media":85163,"comment_status":"","ping_status":"","sticky":false,"template":"","format":"standard","meta":{"footnotes":""},"categories":[65],"tags":[72,70,71,5847,2200,34,31,33,32,30],"class_list":{"0":"post-114826","1":"post","2":"type-post","3":"status-publish","4":"format-standard","5":"has-post-thumbnail","7":"category-ekonomi","8":"tag-business","9":"tag-economy","10":"tag-ekonomi","11":"tag-forsvarsbolag","12":"tag-saab","13":"tag-se","14":"tag-svenska","15":"tag-sverige","16":"tag-sweden","17":"tag-swedish"},"share_on_mastodon":{"url":"https:\/\/pubeurope.com\/@se\/115768571021959364","error":""},"_links":{"self":[{"href":"https:\/\/www.europesays.com\/se\/wp-json\/wp\/v2\/posts\/114826","targetHints":{"allow":["GET"]}}],"collection":[{"href":"https:\/\/www.europesays.com\/se\/wp-json\/wp\/v2\/posts"}],"about":[{"href":"https:\/\/www.europesays.com\/se\/wp-json\/wp\/v2\/types\/post"}],"author":[{"embeddable":true,"href":"https:\/\/www.europesays.com\/se\/wp-json\/wp\/v2\/users\/2"}],"replies":[{"embeddable":true,"href":"https:\/\/www.europesays.com\/se\/wp-json\/wp\/v2\/comments?post=114826"}],"version-history":[{"count":0,"href":"https:\/\/www.europesays.com\/se\/wp-json\/wp\/v2\/posts\/114826\/revisions"}],"wp:featuredmedia":[{"embeddable":true,"href":"https:\/\/www.europesays.com\/se\/wp-json\/wp\/v2\/media\/85163"}],"wp:attachment":[{"href":"https:\/\/www.europesays.com\/se\/wp-json\/wp\/v2\/media?parent=114826"}],"wp:term":[{"taxonomy":"category","embeddable":true,"href":"https:\/\/www.europesays.com\/se\/wp-json\/wp\/v2\/categories?post=114826"},{"taxonomy":"post_tag","embeddable":true,"href":"https:\/\/www.europesays.com\/se\/wp-json\/wp\/v2\/tags?post=114826"}],"curies":[{"name":"wp","href":"https:\/\/api.w.org\/{rel}","templated":true}]}}