{"id":114827,"date":"2025-12-23T11:09:07","date_gmt":"2025-12-23T11:09:07","guid":{"rendered":"https:\/\/www.europesays.com\/se\/114827\/"},"modified":"2025-12-23T11:09:07","modified_gmt":"2025-12-23T11:09:07","slug":"tillfallig-budgetlag-ska-forhindra-fransk-nedstangning-di","status":"publish","type":"post","link":"https:\/\/www.europesays.com\/se\/114827\/","title":{"rendered":"Tillf\u00e4llig budgetlag ska f\u00f6rhindra fransk nedst\u00e4ngning &#8211; DI"},"content":{"rendered":"<ol>\n<li><a href=\"https:\/\/news.google.com\/rss\/articles\/CBMihAFBVV95cUxPU0cyZEoxUXBFOGl3bkN3bi1ZLVRERE5hM0N0SjVJQzhENTRtVVNPQU9sS2xib2h5MndncFBOa3RuQ25RR0wwMUQybzYwLUxSTnRYeFNVX2xZZHQyV2otY0NGYm9sdnZpMGhIRFd2d1QyUUZTOHFDUTZUWUJVVjR3cXRWd0U?oc=5\" target=\"_blank\" rel=\"nofollow noopener\">Tillf\u00e4llig budgetlag ska f\u00f6rhindra fransk nedst\u00e4ngning<\/a>&nbsp;&nbsp;DI<\/li>\n<li><a href=\"https:\/\/news.google.com\/rss\/articles\/CBMi5AFBVV95cUxQTW4tNTllZ1hNWGZtZTdZbzRPTUpBNXRsTThDbnBYMmNLMkJPc3VaNzF1d2xKOXpIelZSUm1fTXhuYk5PT1BKYmJXb2MwbWkySGVDUlRmWHh4ZWJrYUNMNWZxNWRkcURvck5WeDg4eGVoeEVrNjhUdlI5d19BZW1fNTc0MDNRcUJOY2RyWm5XanMtZU12SW5LWWM0a3I5VUVPVllxRGJXM3JyYWRONjcyX1VtdlZnXzdnS3VyX3VfTVdHaGMyWVlIWVlKMUJSM3Q5TlFPMmx1V2ZES09aMDQ1MC10VXY?oc=5\" target=\"_blank\" rel=\"nofollow noopener\">Frankrike skyndar p\u00e5 en n\u00f6dsituation f\u00f6re jul f\u00f6r att f\u00f6rhindra regeringsnedst\u00e4ngning efter att samtalen kollapsat<\/a>&nbsp;&nbsp;Gamereactor<\/li>\n<li><a href=\"https:\/\/news.google.com\/rss\/articles\/CBMikAFBVV95cUxNU3ZrSlJjb1dqWGZzaG9lQU85VnB1OVJXcUE0ZVlJOElBLVBCdzA4LWZnOFZsM244Qkt2QWxCUTA1aGNaMjNoOEZXcnlualpLZzRLTmJ1bDBaWFRfaG1LcVYwcFF3ZG4xLWh0Q29YU2hOdi1Hb0Y3MHRVSnFPcXRHbGtjNUtOWU4wRFRWTFB5NUk?oc=5\" target=\"_blank\" rel=\"nofollow noopener\">Frankrike hinner inte enas \u2013 spikar ingen budget f\u00f6r 2026<\/a>&nbsp;&nbsp;Omni Ekonomi<\/li>\n<li><a href=\"https:\/\/news.google.com\/rss\/articles\/CBMihwFBVV95cUxPS214R3NMS1VyWUFQaE5ieGFuQ1NreTAwVkxJWk1Fdy1ETUNaMmR1blNkTzRnWlh2aklQcWlFcUNpeHdMUlhVTjhxcDB2RkdXMWNTOTBGRGFiVWxWWU1WNjQ1M2drWVUyWGNKckdXbUJGU01Xcm94U1hTQmJPWnZGWkh0dGh5eFk?oc=5\" target=\"_blank\" rel=\"nofollow noopener\">Frankrike hinner inte enas \u2013 spikar ingen budget<\/a>&nbsp;&nbsp;Omni<\/li>\n<\/ol>\n","protected":false},"excerpt":{"rendered":"Tillf\u00e4llig budgetlag ska f\u00f6rhindra fransk nedst\u00e4ngning&nbsp;&nbsp;DI Frankrike skyndar p\u00e5 en n\u00f6dsituation f\u00f6re jul f\u00f6r att f\u00f6rhindra regeringsnedst\u00e4ngning efter&hellip;\n","protected":false},"author":2,"featured_media":114828,"comment_status":"","ping_status":"","sticky":false,"template":"","format":"standard","meta":{"footnotes":""},"categories":[14],"tags":[22,23,26,27,17,21,24,25,28,29,15,16,18,34,31,33,32,30,19,20,51,52,53,54],"class_list":{"0":"post-114827","1":"post","2":"type-post","3":"status-publish","4":"format-standard","5":"has-post-thumbnail","7":"category-varlden","8":"tag-breaking-news","9":"tag-breakingnews","10":"tag-featured-news","11":"tag-featurednews","12":"tag-headlines","13":"tag-huvudnyheter","14":"tag-latest-news","15":"tag-latestnews","16":"tag-main-news","17":"tag-mainnews","18":"tag-news","19":"tag-nyheter","20":"tag-rubriker","21":"tag-se","22":"tag-svenska","23":"tag-sverige","24":"tag-sweden","25":"tag-swedish","26":"tag-top-stories","27":"tag-topstories","28":"tag-varlden","29":"tag-world","30":"tag-world-news","31":"tag-worldnews"},"share_on_mastodon":{"url":"https:\/\/pubeurope.com\/@se\/115768574937388607","error":""},"_links":{"self":[{"href":"https:\/\/www.europesays.com\/se\/wp-json\/wp\/v2\/posts\/114827","targetHints":{"allow":["GET"]}}],"collection":[{"href":"https:\/\/www.europesays.com\/se\/wp-json\/wp\/v2\/posts"}],"about":[{"href":"https:\/\/www.europesays.com\/se\/wp-json\/wp\/v2\/types\/post"}],"author":[{"embeddable":true,"href":"https:\/\/www.europesays.com\/se\/wp-json\/wp\/v2\/users\/2"}],"replies":[{"embeddable":true,"href":"https:\/\/www.europesays.com\/se\/wp-json\/wp\/v2\/comments?post=114827"}],"version-history":[{"count":0,"href":"https:\/\/www.europesays.com\/se\/wp-json\/wp\/v2\/posts\/114827\/revisions"}],"wp:featuredmedia":[{"embeddable":true,"href":"https:\/\/www.europesays.com\/se\/wp-json\/wp\/v2\/media\/114828"}],"wp:attachment":[{"href":"https:\/\/www.europesays.com\/se\/wp-json\/wp\/v2\/media?parent=114827"}],"wp:term":[{"taxonomy":"category","embeddable":true,"href":"https:\/\/www.europesays.com\/se\/wp-json\/wp\/v2\/categories?post=114827"},{"taxonomy":"post_tag","embeddable":true,"href":"https:\/\/www.europesays.com\/se\/wp-json\/wp\/v2\/tags?post=114827"}],"curies":[{"name":"wp","href":"https:\/\/api.w.org\/{rel}","templated":true}]}}