{"id":114842,"date":"2025-12-23T11:20:18","date_gmt":"2025-12-23T11:20:18","guid":{"rendered":"https:\/\/www.europesays.com\/se\/114842\/"},"modified":"2025-12-23T11:20:18","modified_gmt":"2025-12-23T11:20:18","slug":"grundstrom-hjalte-for-flyers-mot-canucks","status":"publish","type":"post","link":"https:\/\/www.europesays.com\/se\/114842\/","title":{"rendered":"Grundstr\u00f6m hj\u00e4lte f\u00f6r Flyers mot Canucks"},"content":{"rendered":"<p>Publicerad 23 dec 2025 kl 06.34Uppdaterad kl 11.50<\/p>\n<p>LOS ANGELES. Massor av prestige stod p\u00e5 spel n\u00e4r Philadelphia Flyers tog emot Vancouver Canucks i natt.<\/p>\n<p>\u25a0 Rick Tocchet m\u00f6tte sitt gamla lag f\u00f6r f\u00f6rsta g\u00e5ngen sedan han l\u00e4mnade Vancouver i somras f\u00f6r tr\u00e4narjobbet i Philadelphia.<\/p>\n<p>\u25a0 Canucks kom till Xfinity Mobile Arena med fyra raka bortasegrar i bagaget, det h\u00e4r var sista matchen under turn\u00e9n till den amerikanska \u00f6stkusten.<\/p>\n<p>\u25a0 I svenskmatchen st\u00e4lldes Flyers Carl Grundstr\u00f6m och Emil Andrae mot fem landsm\u00e4n i motst\u00e5ndarlaget \u2013 Tom Willander, Elias Pettersson Jr., Marcus Pettersson, Liam \u00d6hgren och Linus Karlsson.<\/p>\n<p><img   alt=\"\"\/> <\/p>\n<p>Foto: MAXIM THORE \/ BILDBYR\u00c5N<\/p>\n<p>\u00d6ppna bild i helsk\u00e4rm<img loading=\"lazy\"   alt=\"\"\/> <\/p>\n<p>Foto: DERIK HAMILTON \/ AP TT NYHETSBYR\u00c5N<\/p>\n<p>\u00d6ppna bild i helsk\u00e4rm<img loading=\"lazy\"   alt=\"\"\/> <\/p>\n<p>Foto: DERIK HAMILTON \/ AP TT NYHETSBYR\u00c5N<\/p>\n<p>\u00d6ppna bild i helsk\u00e4rm<img loading=\"lazy\"   alt=\"\"\/> <\/p>\n<p>Foto: DERIK HAMILTON \/ AP TT NYHETSBYR\u00c5N<\/p>\n<p>\u00d6ppna bild i helsk\u00e4rm<\/p>\n<p>Den matchen vann Grundstr\u00f6m.<\/p>\n<p>Han gjorde sitt tredje m\u00e5l p\u00e5 de senaste sex matcherna och Philadelphia vann med 5-2.\u00a0<\/p>\n<p>\u2013 Jag trivs j\u00e4ttebra h\u00e4r i Flyers. Tycker att jag har spelat r\u00e4tt bra nu n\u00e4r jag n\u00e4r jag har f\u00e5tt komma upp (fr\u00e5n farmarlaget), s\u00e4ger Carl till Expressen.<\/p>\n<p>Bara Elias Pettersson (backen) hamnade i po\u00e4ngprotokollet hos g\u00e4sterna, han bidrog med en m\u00e5lgivande passning.<\/p>\n<p>Vancouver fl\u00f6g hem till den kanadensiska v\u00e4stkusten efter matchen i Philadelphia f\u00f6r julfirande efter en l\u00e5ng turn\u00e9 med matcher mot New Jersey Devils, NY Rangers, NY Islanders, Boston Bruins och Philadelphia Flyers.<\/p>\n<p>Man fick med sig \u00e5tta po\u00e4ng av tio, en bra utdelning d\u00e5 turn\u00e9n startade direkt efter klubbens j\u00e4ttetrejd d\u00e4r lagkaptenen och backstj\u00e4rnan Quinn Hughes s\u00e5ldes till Minnesota Wild.<\/p>\n<p>Grundstr\u00f6ms succ\u00e9 \u2013 s\u00e4nker landsm\u00e4nnen<\/p>\n<p>Efter en m\u00e5ll\u00f6s f\u00f6rsta period i natt skaffade sig Flyers en 1-0-ledning efter m\u00e5l av Nikita Grebenkin med knappt sju minuter kvar av den andra perioden.<\/p>\n<p>Med tv\u00e5 tidiga m\u00e5l i den tredje perioden hade man ordnat en 3-0-ledning och kontrollen \u00f6ver tillst\u00e4llningen.<\/p>\n<p><a href=\"https:\/\/www.expressen.se\/tagg\/person\/carl-grundstrom\/\" class=\"\" rel=\"nofollow noopener\" target=\"_blank\">Carl Grundstr\u00f6m<\/a> stod f\u00f6r 2-0 p\u00e5 en egen retur efter en fin framspelning av Grebenkin, som skickade pucken mellan benen p\u00e5 Canucksbacken Zeev Buium.<\/p>\n<p>Det var Grundstr\u00f6ms tredje m\u00e5l p\u00e5 de senaste sex omg\u00e5ngarna. Han har spelat nio matcher i Flyerstr\u00f6jan sedan trejden fr\u00e5n San Jose Sharks i oktober och har f\u00e5tt ihop fem po\u00e4ng, fyra m\u00e5l och en assist.<\/p>\n<p>Carl Grundstr\u00f6m var en av matchens tre stj\u00e4rnor i natt och registrerade +2.<\/p>\n<p>\u2013 Ja, det \u00e4r ju aldrig fel, s\u00e4ger han om m\u00e5let och plusstatistiken.<\/p>\n","protected":false},"excerpt":{"rendered":"Publicerad 23 dec 2025 kl 06.34Uppdaterad kl 11.50 LOS ANGELES. Massor av prestige stod p\u00e5 spel n\u00e4r Philadelphia&hellip;\n","protected":false},"author":2,"featured_media":114843,"comment_status":"","ping_status":"","sticky":false,"template":"","format":"standard","meta":{"footnotes":""},"categories":[5],"tags":[22,23,26,27,17,21,24,25,28,29,15,16,421,4808,1167,12464,18,34,255,256,31,33,32,30,19,20],"class_list":{"0":"post-114842","1":"post","2":"type-post","3":"status-publish","4":"format-standard","5":"has-post-thumbnail","7":"category-rubriker","8":"tag-breaking-news","9":"tag-breakingnews","10":"tag-featured-news","11":"tag-featurednews","12":"tag-headlines","13":"tag-huvudnyheter","14":"tag-latest-news","15":"tag-latestnews","16":"tag-main-news","17":"tag-mainnews","18":"tag-news","19":"tag-nyheter","20":"tag-organization-nhl","21":"tag-organization-philadelphia-flyers","22":"tag-organization-vancouver-canucks","23":"tag-person-carl-grundstrom","24":"tag-rubriker","25":"tag-se","26":"tag-sections-ishockey","27":"tag-sections-nhl","28":"tag-svenska","29":"tag-sverige","30":"tag-sweden","31":"tag-swedish","32":"tag-top-stories","33":"tag-topstories"},"share_on_mastodon":{"url":"https:\/\/pubeurope.com\/@se\/115768618152455109","error":""},"_links":{"self":[{"href":"https:\/\/www.europesays.com\/se\/wp-json\/wp\/v2\/posts\/114842","targetHints":{"allow":["GET"]}}],"collection":[{"href":"https:\/\/www.europesays.com\/se\/wp-json\/wp\/v2\/posts"}],"about":[{"href":"https:\/\/www.europesays.com\/se\/wp-json\/wp\/v2\/types\/post"}],"author":[{"embeddable":true,"href":"https:\/\/www.europesays.com\/se\/wp-json\/wp\/v2\/users\/2"}],"replies":[{"embeddable":true,"href":"https:\/\/www.europesays.com\/se\/wp-json\/wp\/v2\/comments?post=114842"}],"version-history":[{"count":0,"href":"https:\/\/www.europesays.com\/se\/wp-json\/wp\/v2\/posts\/114842\/revisions"}],"wp:featuredmedia":[{"embeddable":true,"href":"https:\/\/www.europesays.com\/se\/wp-json\/wp\/v2\/media\/114843"}],"wp:attachment":[{"href":"https:\/\/www.europesays.com\/se\/wp-json\/wp\/v2\/media?parent=114842"}],"wp:term":[{"taxonomy":"category","embeddable":true,"href":"https:\/\/www.europesays.com\/se\/wp-json\/wp\/v2\/categories?post=114842"},{"taxonomy":"post_tag","embeddable":true,"href":"https:\/\/www.europesays.com\/se\/wp-json\/wp\/v2\/tags?post=114842"}],"curies":[{"name":"wp","href":"https:\/\/api.w.org\/{rel}","templated":true}]}}