{"id":114856,"date":"2025-12-23T11:34:22","date_gmt":"2025-12-23T11:34:22","guid":{"rendered":"https:\/\/www.europesays.com\/se\/114856\/"},"modified":"2025-12-23T11:34:22","modified_gmt":"2025-12-23T11:34:22","slug":"trump-vill-stoppa-aktieaterkop-hos-forsvarsbolag-vill-se-okad-tillverkning","status":"publish","type":"post","link":"https:\/\/www.europesays.com\/se\/114856\/","title":{"rendered":"Trump vill stoppa aktie\u00e5terk\u00f6p hos f\u00f6rsvarsbolag \u2013 vill se \u00f6kad tillverkning"},"content":{"rendered":"<p class=\"font-sans text-base text-text-main dark:text-text-main-dark font-normal leading-[1.4]\">Han kritiserade ocks\u00e5 h\u00f6ga ers\u00e4ttningar till chefer och menade att bolag som betalar tiotals miljoner dollar i l\u00f6n m\u00e5ste leverera snabbare produktion.<\/p>\n<p>Trump pekade s\u00e4rskilt p\u00e5 l\u00e5nga leveranstider f\u00f6r stridsflygplanet F-35, som tillverkas av <strong>Lockheed Martin<\/strong>, och sade att nya produktionsanl\u00e4ggningar \u00e4r n\u00f6dv\u00e4ndiga f\u00f6r att m\u00f6ta efterfr\u00e5gan fr\u00e5n b\u00e5de USA och allierade.<\/p>\n<p>Uttalandena kommer samtidigt som Pentagon f\u00f6r samtal med Lockheed Martin och <strong>RTX <\/strong>om investeringar f\u00f6r att \u00f6ka kapaciteten i missilproduktionen.<\/p>\n<p>USA har \u00e4ven pressat sina allierade inom f\u00f6rsvarsalliansen Nato att ut\u00f6ka sina f\u00f6rsvarsk\u00f6p.<\/p>\n","protected":false},"excerpt":{"rendered":"Han kritiserade ocks\u00e5 h\u00f6ga ers\u00e4ttningar till chefer och menade att bolag som betalar tiotals miljoner dollar i l\u00f6n&hellip;\n","protected":false},"author":2,"featured_media":15111,"comment_status":"","ping_status":"","sticky":false,"template":"","format":"standard","meta":{"footnotes":""},"categories":[65],"tags":[72,70,71,5847,8547,12465,34,31,33,32,30],"class_list":{"0":"post-114856","1":"post","2":"type-post","3":"status-publish","4":"format-standard","5":"has-post-thumbnail","7":"category-ekonomi","8":"tag-business","9":"tag-economy","10":"tag-ekonomi","11":"tag-forsvarsbolag","12":"tag-lockheed-martin","13":"tag-rtx-corporation","14":"tag-se","15":"tag-svenska","16":"tag-sverige","17":"tag-sweden","18":"tag-swedish"},"share_on_mastodon":{"url":"https:\/\/pubeurope.com\/@se\/115768673082808431","error":""},"_links":{"self":[{"href":"https:\/\/www.europesays.com\/se\/wp-json\/wp\/v2\/posts\/114856","targetHints":{"allow":["GET"]}}],"collection":[{"href":"https:\/\/www.europesays.com\/se\/wp-json\/wp\/v2\/posts"}],"about":[{"href":"https:\/\/www.europesays.com\/se\/wp-json\/wp\/v2\/types\/post"}],"author":[{"embeddable":true,"href":"https:\/\/www.europesays.com\/se\/wp-json\/wp\/v2\/users\/2"}],"replies":[{"embeddable":true,"href":"https:\/\/www.europesays.com\/se\/wp-json\/wp\/v2\/comments?post=114856"}],"version-history":[{"count":0,"href":"https:\/\/www.europesays.com\/se\/wp-json\/wp\/v2\/posts\/114856\/revisions"}],"wp:featuredmedia":[{"embeddable":true,"href":"https:\/\/www.europesays.com\/se\/wp-json\/wp\/v2\/media\/15111"}],"wp:attachment":[{"href":"https:\/\/www.europesays.com\/se\/wp-json\/wp\/v2\/media?parent=114856"}],"wp:term":[{"taxonomy":"category","embeddable":true,"href":"https:\/\/www.europesays.com\/se\/wp-json\/wp\/v2\/categories?post=114856"},{"taxonomy":"post_tag","embeddable":true,"href":"https:\/\/www.europesays.com\/se\/wp-json\/wp\/v2\/tags?post=114856"}],"curies":[{"name":"wp","href":"https:\/\/api.w.org\/{rel}","templated":true}]}}