{"id":114864,"date":"2025-12-23T11:49:30","date_gmt":"2025-12-23T11:49:30","guid":{"rendered":"https:\/\/www.europesays.com\/se\/114864\/"},"modified":"2025-12-23T11:49:30","modified_gmt":"2025-12-23T11:49:30","slug":"trailerpremiar-the-odyssey-blir-christopher-nolans-mest-episka-film-nagonsin","status":"publish","type":"post","link":"https:\/\/www.europesays.com\/se\/114864\/","title":{"rendered":"Trailerpremi\u00e4r: &#8221;The Odyssey&#8221; blir Christopher Nolans mest episka film n\u00e5gonsin"},"content":{"rendered":"<p>Det k\u00e4nns som att vi vid det h\u00e4r laget har v\u00e4ntat p\u00e5 trailern till <strong>Christopher Nolans \u201dThe Odyssey\u201d<\/strong> lika l\u00e4nge som Penelope v\u00e4ntar p\u00e5 Odysseus. Men nu \u00e4r det \u00e4ntligen slutv\u00e4ntat \u2013 den f\u00f6rsta officiella titten p\u00e5 \u201dThe Odyssey\u201d (bortr\u00e4knat den bioexklusiva teasern som n\u00e5gra lyckliga f\u00e5 fick se i somras) \u00e4r h\u00e4r. <\/p>\n<p>I \u201dThe Odyssey\u201d tar sig Christopher Nolan an sitt mest ambiti\u00f6sa projekt hittills: en filmatisering av <strong>Homeros<\/strong> \u201d<strong>Odyss\u00e9n<\/strong>\u201d, en av v\u00e4rldshistoriens \u00e4ldsta litter\u00e4ra verk med mer \u00e4n 2 500 \u00e5r p\u00e5 nacken. Handlingen kretsar kring den grekiske hj\u00e4lten <strong>Odysseus<\/strong>, som efter att ha spenderat tio \u00e5r med att bel\u00e4gra Troja nu \u00e4r p\u00e5 v\u00e4g tillbaka hem till sitt kungarike Ithaca. Odysseus framg\u00e5ngar har dock stigit honom \u00e5t huvudet, och de grekiska gudarna straffar hans uppnosighet genom att skicka honom p\u00e5 en tio \u00e5r l\u00e5ng irrf\u00e4rd. <\/p>\n<p><strong>Matt Damon<\/strong> g\u00f6r huvudrollen som Odysseus, och \u00e4r allts\u00e5 f\u00f6r fj\u00e4rde g\u00e5ngen i sin karri\u00e4r borttappad och f\u00f6rem\u00e5l f\u00f6r ett storslaget och p\u00e5kostat s\u00f6kande (\u201dR\u00e4dda Menige Ryan\u201d, \u201dInterstellar\u201d och \u201dThe Martian\u201d \u00e4r de tidigare filmerna med premissen \u201dhitta Matt Damon\u201d). Hans hustru <strong>Penelope<\/strong>, som i hans fr\u00e5nvaro tvingas st\u00e5 ut med en dr\u00f6s r\u00f6vh\u00e5l till friare, spelas av<strong> Anne Hathaway<\/strong>. <strong>Tom Holland<\/strong> gestaltar deras son <strong>Telemachos<\/strong>, som ger sig ut f\u00f6r att s\u00f6ka efter sin far. I \u00f6vriga roller ser vi bland andra:<\/p>\n<ul class=\"wp-block-list\">\n<li><strong>Robert Pattinson<\/strong> som Antinous, en av friarna.<\/li>\n<li><strong>Zendaya<\/strong> som Athena, krigets och vishetens gudinna. <\/li>\n<li><strong>Charlize Theron<\/strong> som Circe, en h\u00e4xa och gudinna.<\/li>\n<li><strong>Jon Bernthal<\/strong> som Menelaus, en grekisk kung vars hustru Helena utl\u00f6ste det trojanska kriget.<\/li>\n<li><strong>Benny Safdie<\/strong> som Agamemnon, Menelaos bror, kung av Mykene. <\/li>\n<li><strong>Mia Goth<\/strong> som Melantho, en tj\u00e4nare i Odysseus hov.<\/li>\n<li><strong>John Leguizamo<\/strong> som Eumaeus, Odysseus tj\u00e4nare och v\u00e4n. <\/li>\n<li><strong>Himesh Patel<\/strong> som Eurylochus, Odysseus n\u00e4rmsta man. <\/li>\n<\/ul>\n<p>\u00c4ven <strong>Lupita Nyong\u2019o<\/strong>, <strong>James Remar<\/strong>, <strong>Samantha Morton<\/strong>, <strong>Elliot Page<\/strong>, <strong>Nick E. Tarabay<\/strong>, <strong>Ryan Hurst<\/strong> och <strong>Logan Marshall Green<\/strong> har roller i filmen, som dock inte blivit avsl\u00f6jade \u00e4nnu. <\/p>\n<p>Sansl\u00f6st episkt<\/p>\n<p>\u201dThe Odyssey\u201d har redan hajpats som f\u00e5 andra filmer. Tom Holland har varit ute och beskrivit manuset som \u201d<a href=\"https:\/\/www.moviezine.se\/nyheter\/tom-holland-hajpar-nolans-the-odyssey-som-det-basta-manus-jag-last\" rel=\"nofollow noopener\" target=\"_blank\">det b\u00e4sta jag l\u00e4st<\/a>\u201d, Matt Damon har deklarerat att den \u00e4r \u201d<a href=\"https:\/\/www.moviezine.se\/nyheter\/matt-damon-hajpar-upp-2026-ars-blockbuster-allt-du-vill-ha-av-en-sommarfilm\" rel=\"nofollow noopener\" target=\"_blank\">allt du vill ha av en sommarfilm<\/a>\u201d och Nolan sj\u00e4lv har sagt sig vilja g\u00f6ra <a href=\"https:\/\/www.moviezine.se\/nyheter\/the-odyssey-visar-upp-sig-med-nya-bilder-nolan-vill-gora-saker-som-aldrig-gjorts-forut\" rel=\"nofollow noopener\" target=\"_blank\">saker som aldrig gjorts f\u00f6rut.<\/a> <\/p>\n<p>Nolans f\u00e4bless f\u00f6r praktiska effekter har gjort inspelningen komplex: bland annat ska han ha byggt en enorm cyklop som han jagat stackars Damon med och filmat mycket ute p\u00e5 \u00f6ppet hav. Det h\u00e4r l\u00e4r kort och gott bli en film som \u00e4r ut\u00f6ver det vanliga \u2013 chanserna \u00e4r goda att \u201dThe Odyssey\u201d s\u00e4tter en ny ribba f\u00f6r hur man ska g\u00f6ra enorma bioepos. <\/p>\n<p>Den f\u00f6rsta ordentliga trailern f\u00f6r \u201dThe Odyssey\u201d finns nu att spana in. Se den nedan. Biopremi\u00e4r blir det den 17 juli 2026. <\/p>\n<p><img loading=\"lazy\" decoding=\"async\" alt=\"YouTube video\" width=\"480\" height=\"360\" data-pin-nopin=\"true\" nopin=\"nopin\" class=\"perfmatters-lazy\" src=\"https:\/\/www.europesays.com\/se\/wp-content\/uploads\/2025\/12\/1766490570_905_hqdefault.jpg\"\/><\/p>\n<p>L\u00e4s ocks\u00e5: <a href=\"https:\/\/www.moviezine.se\/nyheter\/2026-blir-zendayas-ar-5-starka-premiarer-vantar\" title=\"2026 blir Zendayas \u00e5r! 5 starka premi\u00e4rer v\u00e4ntar\" class=\"underline-custom !font-montserrat !font-bold !underline-offset-4 !decoration-4 !decoration-moviezine-green !text-md\" rel=\"nofollow noopener\" target=\"_blank\">2026 blir Zendayas \u00e5r! 5 starka premi\u00e4rer v\u00e4ntar<\/a><\/p>\n<p>L\u00e4s ocks\u00e5: <a href=\"https:\/\/www.moviezine.se\/nyheter\/christopher-nolan-kunde-ha-regisserat-troja-fick-batman-istallet\" title=\"Christopher Nolan kunde ha regisserat \u201dTroja\u201d \u2013 fick Batman ist\u00e4llet\" class=\"underline-custom !font-montserrat !font-bold !underline-offset-4 !decoration-4 !decoration-moviezine-green !text-md\" rel=\"nofollow noopener\" target=\"_blank\">Christopher Nolan kunde ha regisserat \u201dTroja\u201d \u2013 fick Batman ist\u00e4llet<\/a><\/p>\n","protected":false},"excerpt":{"rendered":"Det k\u00e4nns som att vi vid det h\u00e4r laget har v\u00e4ntat p\u00e5 trailern till Christopher Nolans \u201dThe Odyssey\u201d&hellip;\n","protected":false},"author":2,"featured_media":114865,"comment_status":"","ping_status":"","sticky":false,"template":"","format":"standard","meta":{"footnotes":""},"categories":[67],"tags":[7452,104,2278,34,31,33,32,30,2044,105],"class_list":{"0":"post-114864","1":"post","2":"type-post","3":"status-publish","4":"format-standard","5":"has-post-thumbnail","7":"category-underhallning","8":"tag-christopher-nolan","9":"tag-entertainment","10":"tag-kommande-filmer","11":"tag-se","12":"tag-svenska","13":"tag-sverige","14":"tag-sweden","15":"tag-swedish","16":"tag-trailer","17":"tag-underhallning"},"share_on_mastodon":{"url":"https:\/\/pubeurope.com\/@se\/115768732390549894","error":""},"_links":{"self":[{"href":"https:\/\/www.europesays.com\/se\/wp-json\/wp\/v2\/posts\/114864","targetHints":{"allow":["GET"]}}],"collection":[{"href":"https:\/\/www.europesays.com\/se\/wp-json\/wp\/v2\/posts"}],"about":[{"href":"https:\/\/www.europesays.com\/se\/wp-json\/wp\/v2\/types\/post"}],"author":[{"embeddable":true,"href":"https:\/\/www.europesays.com\/se\/wp-json\/wp\/v2\/users\/2"}],"replies":[{"embeddable":true,"href":"https:\/\/www.europesays.com\/se\/wp-json\/wp\/v2\/comments?post=114864"}],"version-history":[{"count":0,"href":"https:\/\/www.europesays.com\/se\/wp-json\/wp\/v2\/posts\/114864\/revisions"}],"wp:featuredmedia":[{"embeddable":true,"href":"https:\/\/www.europesays.com\/se\/wp-json\/wp\/v2\/media\/114865"}],"wp:attachment":[{"href":"https:\/\/www.europesays.com\/se\/wp-json\/wp\/v2\/media?parent=114864"}],"wp:term":[{"taxonomy":"category","embeddable":true,"href":"https:\/\/www.europesays.com\/se\/wp-json\/wp\/v2\/categories?post=114864"},{"taxonomy":"post_tag","embeddable":true,"href":"https:\/\/www.europesays.com\/se\/wp-json\/wp\/v2\/tags?post=114864"}],"curies":[{"name":"wp","href":"https:\/\/api.w.org\/{rel}","templated":true}]}}