{"id":114879,"date":"2025-12-23T12:05:16","date_gmt":"2025-12-23T12:05:16","guid":{"rendered":"https:\/\/www.europesays.com\/se\/114879\/"},"modified":"2025-12-23T12:05:16","modified_gmt":"2025-12-23T12:05:16","slug":"kanslomassig-action-nar-succeboken-blir-tv-serie","status":"publish","type":"post","link":"https:\/\/www.europesays.com\/se\/114879\/","title":{"rendered":"\u201dK\u00e4nslom\u00e4ssig action\u201d n\u00e4r succ\u00e9boken blir tv-serie"},"content":{"rendered":"<p>V\u00e5ld, missbruk och incest i klaustrofobisk glesbygd. S\u00e5 beskrivs Karin Smirnoffs hyllade roman \u201dJag for ner till bror\u201d som har premi\u00e4r som miniserie p\u00e5 SVT under mellandagarna.<\/p>\n<p>Regiss\u00f6ren Sanna Lenken beskriver det som \u201dk\u00e4nslom\u00e4ssig action\u201d.<\/p>\n<p>\u2013 Jag \u00e4lskar precis som Sanna n\u00e4r det blir k\u00f6ttigt och det st\u00e5r saker p\u00e5 spel, och i den h\u00e4r ber\u00e4ttelsen finns det inte en enda scen som \u00e4r en transportstr\u00e4cka. Det p\u00e5g\u00e5r st\u00e4ndigt n\u00e5got, s\u00e4ger Amanda Jansson som spelar huvudrollen som Jana Kippo.<\/p>\n<p>Den hyllade bokserien har tidigare satts upp som teater, men blir nu allts\u00e5 en tv-serie.<\/p>\n<p>Omni \u00e4r politiskt obundna och oberoende. Vi str\u00e4var efter att ge fler perspektiv p\u00e5 nyheterna. Har du fr\u00e5gor eller synpunkter kring v\u00e5r rapportering? <a href=\"https:\/\/omni.se\/kanslomassig-action-nar-succeboken-blir-tv-serie\/a\/mailto:redaktion@omni.se\" class=\"ArticleActions_contactLink__W2F1M\" rel=\"nofollow noopener\" target=\"_blank\">Kontakta redaktionen<\/a><\/p>\n","protected":false},"excerpt":{"rendered":"V\u00e5ld, missbruk och incest i klaustrofobisk glesbygd. S\u00e5 beskrivs Karin Smirnoffs hyllade roman \u201dJag for ner till bror\u201d&hellip;\n","protected":false},"author":2,"featured_media":114880,"comment_status":"","ping_status":"","sticky":false,"template":"","format":"standard","meta":{"footnotes":""},"categories":[67],"tags":[12468,104,168,12467,1082,12466,34,31,33,32,30,105],"class_list":{"0":"post-114879","1":"post","2":"type-post","3":"status-publish","4":"format-standard","5":"has-post-thumbnail","7":"category-underhallning","8":"tag-amanda-jansson","9":"tag-entertainment","10":"tag-film-tv","11":"tag-karin-smirnoff","12":"tag-litteratur","13":"tag-sanna-lenken","14":"tag-se","15":"tag-svenska","16":"tag-sverige","17":"tag-sweden","18":"tag-swedish","19":"tag-underhallning"},"share_on_mastodon":{"url":"https:\/\/pubeurope.com\/@se\/115768795192841138","error":""},"_links":{"self":[{"href":"https:\/\/www.europesays.com\/se\/wp-json\/wp\/v2\/posts\/114879","targetHints":{"allow":["GET"]}}],"collection":[{"href":"https:\/\/www.europesays.com\/se\/wp-json\/wp\/v2\/posts"}],"about":[{"href":"https:\/\/www.europesays.com\/se\/wp-json\/wp\/v2\/types\/post"}],"author":[{"embeddable":true,"href":"https:\/\/www.europesays.com\/se\/wp-json\/wp\/v2\/users\/2"}],"replies":[{"embeddable":true,"href":"https:\/\/www.europesays.com\/se\/wp-json\/wp\/v2\/comments?post=114879"}],"version-history":[{"count":0,"href":"https:\/\/www.europesays.com\/se\/wp-json\/wp\/v2\/posts\/114879\/revisions"}],"wp:featuredmedia":[{"embeddable":true,"href":"https:\/\/www.europesays.com\/se\/wp-json\/wp\/v2\/media\/114880"}],"wp:attachment":[{"href":"https:\/\/www.europesays.com\/se\/wp-json\/wp\/v2\/media?parent=114879"}],"wp:term":[{"taxonomy":"category","embeddable":true,"href":"https:\/\/www.europesays.com\/se\/wp-json\/wp\/v2\/categories?post=114879"},{"taxonomy":"post_tag","embeddable":true,"href":"https:\/\/www.europesays.com\/se\/wp-json\/wp\/v2\/tags?post=114879"}],"curies":[{"name":"wp","href":"https:\/\/api.w.org\/{rel}","templated":true}]}}