{"id":11492,"date":"2025-08-23T04:07:06","date_gmt":"2025-08-23T04:07:06","guid":{"rendered":"https:\/\/www.europesays.com\/se\/11492\/"},"modified":"2025-08-23T04:07:06","modified_gmt":"2025-08-23T04:07:06","slug":"underrattelsechef-sparkas-efter-omtalad-iran-rapport","status":"publish","type":"post","link":"https:\/\/www.europesays.com\/se\/11492\/","title":{"rendered":"Underr\u00e4ttelsechef sparkas efter omtalad Iran-rapport"},"content":{"rendered":"<p>Den amerikanske f\u00f6rsvarsministern Pete Hegseth har sparkat chefen f\u00f6r den federala myndigheten f\u00f6r f\u00f6rsvarsunderr\u00e4ttelser (DIA), Jeffrey Kruse, rapporterar Washington Post. Beskedet kommer efter att DIA i juni sl\u00e4ppt en rapport d\u00e4r det uppges att de amerikanska anfallen mot k\u00e4rnanl\u00e4ggningar i Iran bara har bromsat landets k\u00e4rnprogram med n\u00e5gra m\u00e5nader.<\/p>\n<p>Rapporten gick d\u00e4rmed emot Vita husets p\u00e5st\u00e5enden att Irans k\u00e4rnanl\u00e4ggningar \u201dtillintetgjorts\u201d. <\/p>\n<p>N\u00e5gon officiell f\u00f6rklaring har inte getts mer \u00e4n att Hegseth \u201df\u00f6rlorat f\u00f6rtroendet\u201d f\u00f6r Kruse. Avskedandet \u00e4r ett i en rad som drabbar h\u00f6ga f\u00f6rsvars- och underr\u00e4ttelsetoppar i USA.<\/p>\n<p>Omni \u00e4r politiskt obundna och oberoende. Vi str\u00e4var efter att ge fler perspektiv p\u00e5 nyheterna. Har du fr\u00e5gor eller synpunkter kring v\u00e5r rapportering? <a href=\"https:\/\/omni.se\/underrattelsechef-sparkas-efter-omtalade-iran-rapporten\/a\/mailto:redaktion@omni.se\" class=\"ArticleActions_contactLink__W2F1M\" rel=\"nofollow noopener\" target=\"_blank\">Kontakta redaktionen<\/a><\/p>\n","protected":false},"excerpt":{"rendered":"Den amerikanske f\u00f6rsvarsministern Pete Hegseth har sparkat chefen f\u00f6r den federala myndigheten f\u00f6r f\u00f6rsvarsunderr\u00e4ttelser (DIA), Jeffrey Kruse, rapporterar&hellip;\n","protected":false},"author":2,"featured_media":11493,"comment_status":"","ping_status":"","sticky":false,"template":"","format":"standard","meta":{"footnotes":""},"categories":[14],"tags":[387,22,23,26,27,17,21,1530,24,25,28,29,124,125,15,268,16,1583,18,34,31,33,32,30,19,20,74,51,52,53,54],"class_list":{"0":"post-11492","1":"post","2":"type-post","3":"status-publish","4":"format-standard","5":"has-post-thumbnail","7":"category-varlden","8":"tag-amerikansk-politik","9":"tag-breaking-news","10":"tag-breakingnews","11":"tag-featured-news","12":"tag-featurednews","13":"tag-headlines","14":"tag-huvudnyheter","15":"tag-iran","16":"tag-latest-news","17":"tag-latestnews","18":"tag-main-news","19":"tag-mainnews","20":"tag-mellanostern","21":"tag-mellanosternkrisen","22":"tag-news","23":"tag-nordamerika","24":"tag-nyheter","25":"tag-pete-hegseth","26":"tag-rubriker","27":"tag-se","28":"tag-svenska","29":"tag-sverige","30":"tag-sweden","31":"tag-swedish","32":"tag-top-stories","33":"tag-topstories","34":"tag-usa","35":"tag-varlden","36":"tag-world","37":"tag-world-news","38":"tag-worldnews"},"share_on_mastodon":{"url":"","error":""},"_links":{"self":[{"href":"https:\/\/www.europesays.com\/se\/wp-json\/wp\/v2\/posts\/11492","targetHints":{"allow":["GET"]}}],"collection":[{"href":"https:\/\/www.europesays.com\/se\/wp-json\/wp\/v2\/posts"}],"about":[{"href":"https:\/\/www.europesays.com\/se\/wp-json\/wp\/v2\/types\/post"}],"author":[{"embeddable":true,"href":"https:\/\/www.europesays.com\/se\/wp-json\/wp\/v2\/users\/2"}],"replies":[{"embeddable":true,"href":"https:\/\/www.europesays.com\/se\/wp-json\/wp\/v2\/comments?post=11492"}],"version-history":[{"count":0,"href":"https:\/\/www.europesays.com\/se\/wp-json\/wp\/v2\/posts\/11492\/revisions"}],"wp:featuredmedia":[{"embeddable":true,"href":"https:\/\/www.europesays.com\/se\/wp-json\/wp\/v2\/media\/11493"}],"wp:attachment":[{"href":"https:\/\/www.europesays.com\/se\/wp-json\/wp\/v2\/media?parent=11492"}],"wp:term":[{"taxonomy":"category","embeddable":true,"href":"https:\/\/www.europesays.com\/se\/wp-json\/wp\/v2\/categories?post=11492"},{"taxonomy":"post_tag","embeddable":true,"href":"https:\/\/www.europesays.com\/se\/wp-json\/wp\/v2\/tags?post=11492"}],"curies":[{"name":"wp","href":"https:\/\/api.w.org\/{rel}","templated":true}]}}