{"id":114923,"date":"2025-12-23T12:47:14","date_gmt":"2025-12-23T12:47:14","guid":{"rendered":"https:\/\/www.europesays.com\/se\/114923\/"},"modified":"2025-12-23T12:47:14","modified_gmt":"2025-12-23T12:47:14","slug":"sigourney-weaver-vill-se-directors-cut-av-kultforklarad-sci-fi-fran-1999","status":"publish","type":"post","link":"https:\/\/www.europesays.com\/se\/114923\/","title":{"rendered":"Sigourney Weaver vill se Director\u2019s Cut av kultf\u00f6rklarad sci-fi fr\u00e5n 1999"},"content":{"rendered":"<p>Mellan \u201dAlien\u201d- och \u201dAvatar\u201d-filmerna \u00e4r <strong>Sigourney Weaver<\/strong> en sj\u00e4lvklar stj\u00e4rna i science fiction-genren. En mindre k\u00e4nd film \u00e4r satiren <strong>\u201dGalaxy Quest\u201d<\/strong> (1999), en film som b\u00e5de parodierar och hyllar \u201dStar Trek\u201d-traditionen.<\/p>\n<p>Filmen kretsar kring en grupp sk\u00e5despelare fr\u00e5n en nedlagd tv-serie som av misstag blir indragna i ett verkligt intergalaktiskt krig.<\/p>\n<p>Humorn bygger p\u00e5 m\u00f6tet mellan cyniska, desillusionerade sk\u00e5disar och deras egna rollfigurer, som av utomjordingar uppfattas som autentiska hj\u00e4ltar.<\/p>\n<p>Weaver spelar Gwen DeMarco, vars rollfigur i serien heter l\u00f6jtnant Tawny Madison. <a href=\"https:\/\/www.darkhorizons.com\/weaver-wants-a-galaxy-quest-directors-cut\/\" rel=\"nofollow noopener\" target=\"_blank\">Dark Horizons<\/a> skriver att Weaver under intervjuer om \u201cAvatar: Fire and Ash\u201d uttryckt en \u00f6nskan om att se den oklippta versionen av \u201dGalaxy Quest\u201d:<\/p>\n<p>\u2013 Jag \u00f6nskar att de skulle ge ut en director\u2019s cut av filmen. I sista minuten best\u00e4mde sig DreamWorks f\u00f6r att sl\u00e4ppa filmen utan n\u00e5gra av de mer sofistikerade scenerna som <strong>Tim Allen<\/strong> medverkade i, eftersom de beh\u00f6vde en barnfilm som kunde konkurrera med \u201dStuart Little\u201d. Varf\u00f6r ger de inte ut filmen igen med Allens v\u00e4ldigt, v\u00e4ldigt m\u00e4rkliga och underbara scener?<\/p>\n<p>F\u00f6r att filmen skulle f\u00e5 en l\u00e4gre \u00e5ldersgr\u00e4ns (PG ist\u00e4llet f\u00f6r PG-13) klipptes flera inslag bort eller tonades ned. Det handlade fr\u00e4mst om gr\u00f6vre spr\u00e5k, sexuella anspelningar och vissa v\u00e5ldsamma moment. Det fanns \u00e4ven planer p\u00e5 en uppf\u00f6ljare.<\/p>\n<p>\u2013 Jag minns att manusf\u00f6rfattaren <strong>Robert Gordon<\/strong> hade skrivit en andra film. Han ville inte ge den till DreamWorks eftersom han k\u00e4nde att de helt enkelt hade tappat bollen. S\u00e5 vi hade alltid t\u00e4nkt g\u00f6ra en uppf\u00f6ljare, men n\u00e4r <strong>Alan Rickman<\/strong> gick bort tappade vi helt suget, forts\u00e4tter Weaver.<\/p>\n<p>I en perfekt v\u00e4rld hade vi sett \u201dGalaxy Quest 2\u201d men utan Rickman \u00e4r det tyv\u00e4rr inte aktuellt. Men med tanke p\u00e5 originalfilmens stabila kultstatus \u00e4r en oklippt version kanske inte om\u00f6jlig.<\/p>\n<p>Du kan <strong>hyra\/k\u00f6pa<\/strong> \u201dGalaxy Quest\u201d p\u00e5 <strong>SF Anytime<\/strong> och liknande tj\u00e4nster. Se trailern nedan:<\/p>\n<p><img loading=\"lazy\" decoding=\"async\" alt=\"YouTube video\" width=\"480\" height=\"360\" data-pin-nopin=\"true\" nopin=\"nopin\" class=\"perfmatters-lazy\" src=\"https:\/\/www.europesays.com\/se\/wp-content\/uploads\/2025\/12\/1766494034_274_hqdefault.jpg\"\/><\/p>\n<p>L\u00e4s ocks\u00e5: <a href=\"https:\/\/www.moviezine.se\/nyheter\/jobba-aldrig-med-tim-allen-det-varsta-jag-varit-med-om\" title=\"Jobba aldrig med Tim Allen: \u201dDet v\u00e4rsta jag varit med om\u201d\" class=\"underline-custom !font-montserrat !font-bold !underline-offset-4 !decoration-4 !decoration-moviezine-green !text-md\" rel=\"nofollow noopener\" target=\"_blank\">Jobba aldrig med Tim Allen: \u201dDet v\u00e4rsta jag varit med om\u201d<\/a><\/p>\n<p>L\u00e4s ocks\u00e5: <a href=\"https:\/\/www.moviezine.se\/nyheter\/10-saker-jag-storde-mig-pa-i-avatar-fire-and-ash\" title=\"10 saker jag st\u00f6rde mig p\u00e5 i \u201dAvatar: Fire and Ash\u201d\" class=\"underline-custom !font-montserrat !font-bold !underline-offset-4 !decoration-4 !decoration-moviezine-green !text-md\" rel=\"nofollow noopener\" target=\"_blank\">10 saker jag st\u00f6rde mig p\u00e5 i \u201dAvatar: Fire and Ash\u201d<\/a><\/p>\n","protected":false},"excerpt":{"rendered":"Mellan \u201dAlien\u201d- och \u201dAvatar\u201d-filmerna \u00e4r Sigourney Weaver en sj\u00e4lvklar stj\u00e4rna i science fiction-genren. En mindre k\u00e4nd film \u00e4r&hellip;\n","protected":false},"author":2,"featured_media":114924,"comment_status":"","ping_status":"","sticky":false,"template":"","format":"standard","meta":{"footnotes":""},"categories":[67],"tags":[104,2903,34,31,33,32,30,105],"class_list":{"0":"post-114923","1":"post","2":"type-post","3":"status-publish","4":"format-standard","5":"has-post-thumbnail","7":"category-underhallning","8":"tag-entertainment","9":"tag-klassiker","10":"tag-se","11":"tag-svenska","12":"tag-sverige","13":"tag-sweden","14":"tag-swedish","15":"tag-underhallning"},"share_on_mastodon":{"url":"https:\/\/pubeurope.com\/@se\/115768960363837430","error":""},"_links":{"self":[{"href":"https:\/\/www.europesays.com\/se\/wp-json\/wp\/v2\/posts\/114923","targetHints":{"allow":["GET"]}}],"collection":[{"href":"https:\/\/www.europesays.com\/se\/wp-json\/wp\/v2\/posts"}],"about":[{"href":"https:\/\/www.europesays.com\/se\/wp-json\/wp\/v2\/types\/post"}],"author":[{"embeddable":true,"href":"https:\/\/www.europesays.com\/se\/wp-json\/wp\/v2\/users\/2"}],"replies":[{"embeddable":true,"href":"https:\/\/www.europesays.com\/se\/wp-json\/wp\/v2\/comments?post=114923"}],"version-history":[{"count":0,"href":"https:\/\/www.europesays.com\/se\/wp-json\/wp\/v2\/posts\/114923\/revisions"}],"wp:featuredmedia":[{"embeddable":true,"href":"https:\/\/www.europesays.com\/se\/wp-json\/wp\/v2\/media\/114924"}],"wp:attachment":[{"href":"https:\/\/www.europesays.com\/se\/wp-json\/wp\/v2\/media?parent=114923"}],"wp:term":[{"taxonomy":"category","embeddable":true,"href":"https:\/\/www.europesays.com\/se\/wp-json\/wp\/v2\/categories?post=114923"},{"taxonomy":"post_tag","embeddable":true,"href":"https:\/\/www.europesays.com\/se\/wp-json\/wp\/v2\/tags?post=114923"}],"curies":[{"name":"wp","href":"https:\/\/api.w.org\/{rel}","templated":true}]}}