{"id":114930,"date":"2025-12-23T12:54:09","date_gmt":"2025-12-23T12:54:09","guid":{"rendered":"https:\/\/www.europesays.com\/se\/114930\/"},"modified":"2025-12-23T12:54:09","modified_gmt":"2025-12-23T12:54:09","slug":"jorgen-forsberg-blir-ny-vd-pa-svensk-travsport-%c2%b7-senaste-nyheterna-om-trav-%c2%b7-travronden","status":"publish","type":"post","link":"https:\/\/www.europesays.com\/se\/114930\/","title":{"rendered":"J\u00f6rgen Forsberg blir ny vd p\u00e5 Svensk Travsport \u00b7 Senaste nyheterna om trav \u00b7 Travronden"},"content":{"rendered":"<p>Drygt fyra m\u00e5nader senare har Svensk Travsport presenterat sin nya vd. Det blir <strong>J\u00f6rgen Forsberg<\/strong>, 56, som tar \u00f6ver efter Maria Croon.<\/p>\n<p>\u2013 Bland en stor m\u00e4ngd kvalificerade s\u00f6kande har vi kommit fram till att J\u00f6rgen Forsberg \u00e4r den b\u00e4st l\u00e4mpade att leda Svensk Travsport p\u00e5 operativ niv\u00e5 de kommande \u00e5ren. Han \u00e4r v\u00e4l insatt i Svensk Travsports styrmodell, v\u00e5r framtidsstrategi och har en omvittnat stark drivkraft f\u00f6r att f\u00e5 saker gjorda. Vi \u00e4r glada \u00f6ver att f\u00e5 h\u00e4lsa J\u00f6rgen v\u00e4lkommen till oss, s\u00e4ger Anders K\u00e4llstr\u00f6m, styrelseordf\u00f6rande p\u00e5 Svensk Travsport i ett pressmeddelande.<\/p>\n<p>Varit vd p\u00e5 Solvalla<\/p>\n<p>J\u00f6rgen Forsberg \u00e4r i dag ordf\u00f6rande f\u00f6r Stockholms Travs\u00e4llskap och var innan dess vd p\u00e5 Solvalla i n\u00e4stan sju \u00e5r.\u00a0<\/p>\n<p>Han har \u00e4ven haft ledande befattningar aff\u00e4rsomr\u00e5deschef och VD inom fordonsbranschen, b\u00e5de nationellt och internationellt.<\/p>\n<p>Den 15 januari tilltr\u00e4der han som vd p\u00e5 Svensk Travsport och l\u00e4mnar samtidigt uppdraget i Stockholms Travs\u00e4llskap.<\/p>\n<p>\u2013 Jag ser fram emot att med alla medarbetare f\u00e5 leda Svensk Travsport i en f\u00f6r sporten viktig tid. Jag vet hur mycket engagemang och vilja det finns att vidareutveckla travsporten. Jag hoppas att vi tillsammans i hela Travsverige ska bygga en positiv framtid f\u00f6r v\u00e5r sport, s\u00e4ger J\u00f6rgen Forsberg i pressmeddelandet.<\/p>\n","protected":false},"excerpt":{"rendered":"Drygt fyra m\u00e5nader senare har Svensk Travsport presenterat sin nya vd. Det blir J\u00f6rgen Forsberg, 56, som tar&hellip;\n","protected":false},"author":2,"featured_media":114931,"comment_status":"","ping_status":"","sticky":false,"template":"","format":"standard","meta":{"footnotes":""},"categories":[68],"tags":[12469,34,111,110,31,33,32,30],"class_list":{"0":"post-114930","1":"post","2":"type-post","3":"status-publish","4":"format-standard","5":"has-post-thumbnail","7":"category-sport","8":"tag-keywordportratt","9":"tag-se","10":"tag-sport","11":"tag-sports","12":"tag-svenska","13":"tag-sverige","14":"tag-sweden","15":"tag-swedish"},"share_on_mastodon":{"url":"","error":""},"_links":{"self":[{"href":"https:\/\/www.europesays.com\/se\/wp-json\/wp\/v2\/posts\/114930","targetHints":{"allow":["GET"]}}],"collection":[{"href":"https:\/\/www.europesays.com\/se\/wp-json\/wp\/v2\/posts"}],"about":[{"href":"https:\/\/www.europesays.com\/se\/wp-json\/wp\/v2\/types\/post"}],"author":[{"embeddable":true,"href":"https:\/\/www.europesays.com\/se\/wp-json\/wp\/v2\/users\/2"}],"replies":[{"embeddable":true,"href":"https:\/\/www.europesays.com\/se\/wp-json\/wp\/v2\/comments?post=114930"}],"version-history":[{"count":0,"href":"https:\/\/www.europesays.com\/se\/wp-json\/wp\/v2\/posts\/114930\/revisions"}],"wp:featuredmedia":[{"embeddable":true,"href":"https:\/\/www.europesays.com\/se\/wp-json\/wp\/v2\/media\/114931"}],"wp:attachment":[{"href":"https:\/\/www.europesays.com\/se\/wp-json\/wp\/v2\/media?parent=114930"}],"wp:term":[{"taxonomy":"category","embeddable":true,"href":"https:\/\/www.europesays.com\/se\/wp-json\/wp\/v2\/categories?post=114930"},{"taxonomy":"post_tag","embeddable":true,"href":"https:\/\/www.europesays.com\/se\/wp-json\/wp\/v2\/tags?post=114930"}],"curies":[{"name":"wp","href":"https:\/\/api.w.org\/{rel}","templated":true}]}}