{"id":114934,"date":"2025-12-23T12:59:36","date_gmt":"2025-12-23T12:59:36","guid":{"rendered":"https:\/\/www.europesays.com\/se\/114934\/"},"modified":"2025-12-23T12:59:36","modified_gmt":"2025-12-23T12:59:36","slug":"expolisen-tore-hedman-mordades-i-borlange-nu-kommer-domen","status":"publish","type":"post","link":"https:\/\/www.europesays.com\/se\/114934\/","title":{"rendered":"Expolisen Tore Hedman m\u00f6rdades i Borl\u00e4nge \u2013 nu kommer domen"},"content":{"rendered":"<p>Publicerad 23 dec 2025 kl 10.51Uppdaterad kl 12.06<\/p>\n<p>Den pensionerade polisen Tore Hedman slogs ihj\u00e4l med en hammare.<\/p>\n<p>En 31-\u00e5rig man, som haft stora problem med missbruk och psykoser, d\u00f6ms f\u00f6r mordet.<\/p>\n<p>Han f\u00e5r 18 \u00e5rs f\u00e4ngelse.\u00a0<\/p>\n<p><img   alt=\"\"\/><\/p>\n<p>Den f\u00f6re detta polisutredaren Tore Hedman beskrivs som \u201dv\u00e4rldens sn\u00e4llaste man\u201d, som \u00e4lskade katter och Leksands IF.<\/p>\n<p>Foto: Privat<\/p>\n<p>\u00d6ppna bild i helsk\u00e4rm<img loading=\"lazy\"   alt=\"\"\/><\/p>\n<p>H\u00e4r syns den misst\u00e4nkta 31-\u00e5ringen p\u00e5 expolisens g\u00e5rd vid 19.30-tiden p\u00e5 kv\u00e4llen den 20 maj.<\/p>\n<p>Foto: Polisen<\/p>\n<p>\u00d6ppna bild i helsk\u00e4rm<\/p>\n<p>Den 21 maj hittades expolisen Tore Hedman, 75, ihj\u00e4lslagen i sin tr\u00e4dg\u00e5rd i <a href=\"https:\/\/www.expressen.se\/tagg\/location\/borlange\/\" class=\"\" rel=\"nofollow noopener\" target=\"_blank\">Borl\u00e4nge<\/a>.<\/p>\n<p>Han hade blivit slagen med en hammare minst sjutton g\u00e5nger, enligt \u00e5talet.\u00a0<\/p>\n<p>Tore Hedmans syster blev orolig n\u00e4r brodern inte svarade och bad en granne \u00e5ka ut till huset f\u00f6r att titta till Hedman. Grannen s\u00e5g d\u00e5 tecken p\u00e5 inbrott i huset och larmade polisen.<\/p>\n<p>Med hj\u00e4lp av en grannes \u00f6vervakningsfilmer kunde polisen se hur en ok\u00e4nd man r\u00f6rt sig vid huset kv\u00e4llen f\u00f6re. Han hade bland annat stulit Hedmans bil och burit in saker fr\u00e5n i 75-\u00e5ringens hus.<\/p>\n<p>D\u00f6ms till 18 \u00e5r\u00a0<\/p>\n<p>Mannen identifierades tidigt som en 31-\u00e5rig man, som levde som heml\u00f6s och som hade stora problem med missbruk.\u00a0<\/p>\n<p>P\u00e5 tisdagen kom tingsr\u00e4ttens dom. 31-\u00e5ringen d\u00f6ms till 18 \u00e5rs f\u00e4ngelse f\u00f6r mordet. \u00c5klagaren hade yrkat p\u00e5 livstid.\u00a0<\/p>\n<p>Enligt r\u00e4ttens bed\u00f6mning var 31-\u00e5ringen medveten om vad han gjorde och att slagen han utdelade mot Hedman skulle d\u00f6da honom.\u00a0<\/p>\n<p>F\u00f6rnekar mord<\/p>\n<p>I f\u00f6rh\u00f6r har det framkommit att mannen haft stora problem med alkohol- och drogmissbruk, och lidit av vanf\u00f6rest\u00e4llningar och psykoser i flera \u00e5r. Tiden f\u00f6re mordet hade problemen blivit v\u00e4rre, enligt 31-\u00e5ringens anh\u00f6riga.\u00a0<\/p>\n<p>R\u00e4tten har dock inte funnit att mannen led av en allvarlig psykisk st\u00f6rning vid tiden f\u00f6r mordet. \u00a0<\/p>\n<p>Mannen har f\u00f6rnekat mord, men menar att han gjort sig skyldig till v\u00e5llande till annans d\u00f6d. Han \u00e4r tidigare d\u00f6md f\u00f6r flera brott och har blivit tv\u00e5ngsv\u00e5rdad f\u00f6r sitt missbruk.\u00a0<\/p>\n","protected":false},"excerpt":{"rendered":"Publicerad 23 dec 2025 kl 10.51Uppdaterad kl 12.06 Den pensionerade polisen Tore Hedman slogs ihj\u00e4l med en hammare.&hellip;\n","protected":false},"author":2,"featured_media":114935,"comment_status":"","ping_status":"","sticky":false,"template":"","format":"standard","meta":{"footnotes":""},"categories":[12],"tags":[22,23,26,27,17,21,24,25,5397,28,29,15,16,18,34,666,31,33,32,30,19,20],"class_list":{"0":"post-114934","1":"post","2":"type-post","3":"status-publish","4":"format-standard","5":"has-post-thumbnail","7":"category-sverige","8":"tag-breaking-news","9":"tag-breakingnews","10":"tag-featured-news","11":"tag-featurednews","12":"tag-headlines","13":"tag-huvudnyheter","14":"tag-latest-news","15":"tag-latestnews","16":"tag-location-borlange","17":"tag-main-news","18":"tag-mainnews","19":"tag-news","20":"tag-nyheter","21":"tag-rubriker","22":"tag-se","23":"tag-sections-krim","24":"tag-svenska","25":"tag-sverige","26":"tag-sweden","27":"tag-swedish","28":"tag-top-stories","29":"tag-topstories"},"share_on_mastodon":{"url":"https:\/\/pubeurope.com\/@se\/115769007599772742","error":""},"_links":{"self":[{"href":"https:\/\/www.europesays.com\/se\/wp-json\/wp\/v2\/posts\/114934","targetHints":{"allow":["GET"]}}],"collection":[{"href":"https:\/\/www.europesays.com\/se\/wp-json\/wp\/v2\/posts"}],"about":[{"href":"https:\/\/www.europesays.com\/se\/wp-json\/wp\/v2\/types\/post"}],"author":[{"embeddable":true,"href":"https:\/\/www.europesays.com\/se\/wp-json\/wp\/v2\/users\/2"}],"replies":[{"embeddable":true,"href":"https:\/\/www.europesays.com\/se\/wp-json\/wp\/v2\/comments?post=114934"}],"version-history":[{"count":0,"href":"https:\/\/www.europesays.com\/se\/wp-json\/wp\/v2\/posts\/114934\/revisions"}],"wp:featuredmedia":[{"embeddable":true,"href":"https:\/\/www.europesays.com\/se\/wp-json\/wp\/v2\/media\/114935"}],"wp:attachment":[{"href":"https:\/\/www.europesays.com\/se\/wp-json\/wp\/v2\/media?parent=114934"}],"wp:term":[{"taxonomy":"category","embeddable":true,"href":"https:\/\/www.europesays.com\/se\/wp-json\/wp\/v2\/categories?post=114934"},{"taxonomy":"post_tag","embeddable":true,"href":"https:\/\/www.europesays.com\/se\/wp-json\/wp\/v2\/tags?post=114934"}],"curies":[{"name":"wp","href":"https:\/\/api.w.org\/{rel}","templated":true}]}}