{"id":114936,"date":"2025-12-23T13:00:23","date_gmt":"2025-12-23T13:00:23","guid":{"rendered":"https:\/\/www.europesays.com\/se\/114936\/"},"modified":"2025-12-23T13:00:23","modified_gmt":"2025-12-23T13:00:23","slug":"ryska-fartyget-adler-lamnar-sverige-myndigheter-saknar-jurisdiktion","status":"publish","type":"post","link":"https:\/\/www.europesays.com\/se\/114936\/","title":{"rendered":"Ryska fartyget Adler l\u00e4mnar Sverige \u2013 myndigheter saknar jurisdiktion"},"content":{"rendered":"<p>Publicerad 23 dec 2025 kl 10.10Uppdaterad kl 11.08<\/p>\n<p>Det finns nu en f\u00f6rklaring till varf\u00f6r det sanktionsst\u00e4mplade ryska fartyget Adler kunde l\u00e4mna svenskt vatten.<\/p>\n<p>Svenska myndigheter var maktl\u00f6sa, visar Expressens genomg\u00e5ng.\u00a0<\/p>\n<p>Orsaken var att fartyget hade g\u00e5tt in p\u00e5 svenskt vatten p\u00e5 grund av en n\u00f6dsituation.<\/p>\n<p>\u2013 Jag har kommit fram till att jag inte har jurisdiktion, s\u00e4ger kammar\u00e5klagare Henrik S\u00f6derman vid riksenheten mot internationell organiserad brottslighet.<\/p>\n<p>Senaste klippen om kriget i Ukraina.<img   alt=\"\"\/><\/p>\n<p>Adler har nu l\u00e4mnat svenskt vatten och syntes senast ute i Skagerak<\/p>\n<p>Foto: Johan Nilsson \/ TT \/ TT NYHETSBYR\u00c5N<\/p>\n<p>\u00d6ppna bild i helsk\u00e4rm<img loading=\"lazy\"   alt=\"\"\/><\/p>\n<p>Det var personal fr\u00e5n tullen som s\u00f6kte igenom det ryska fartyget Adler<\/p>\n<p>Foto: Johan Nilsson \/ TT \/ TT NYHETSBYR\u00c5N<\/p>\n<p>\u00d6ppna bild i helsk\u00e4rm<img loading=\"lazy\"   alt=\"\"\/><\/p>\n<p>Adler har nu l\u00e4mnat svenskt vatten och syntes senast ute i Skagerak<\/p>\n<p>Foto: MATHILDA SCHULER \/ BILDBYR\u00c5N<\/p>\n<p>\u00d6ppna bild i helsk\u00e4rm<\/p>\n<p>I klartext betydde det att svenska myndigheter inte hade n\u00e5gon juridisk r\u00e4tt att ingripa mot fartyget och inleda en formell f\u00f6runders\u00f6kning \u2013 oavsett om fartyget var lastat med raketer, ammunition eller milit\u00e4ra fordon. Trots att det omfattades av internationella sanktioner.<\/p>\n<p>Artikeln i korthet<\/p>\n<p>Ryska fartyget Adler sl\u00e4pptes efter motorhaveri i svenskt vatten.<\/p>\n<p>Svenska myndigheter kunde inte ingripa \u2013 juridisk lucka.<\/p>\n<p>Fartyget har kopplingar till rysk vapenindustri och milit\u00e4ra transporter, och finns p\u00e5 sanktionslistor i b\u00e5de EU och <a href=\"https:\/\/sanctionssearch.ofac.treas.gov\/Details.aspx?id=37057\" rel=\"nofollow noopener\" target=\"_blank\">USA.<\/a><\/p>\n<p>Visa mer<\/p>\n<p>Fartyget var annars ett hett m\u00e5l f\u00f6r den svenska Kustbevakningen som f\u00f6ljt det under dess v\u00e4g fr\u00e5n <a href=\"https:\/\/www.expressen.se\/tagg\/location\/ryssland\/\" class=\"\" rel=\"nofollow noopener\" target=\"_blank\">Ryssland<\/a>, genom \u00d6stersj\u00f6n och \u00d6resund.<\/p>\n<p>Adler \u00e4r ett av de fartyg som bevakas extra noga av alla l\u00e4nder kring \u00d6stersj\u00f6n. Visserligen ing\u00e5r Adler inte i den s\u00e5 kallade skuggflottan som best\u00e5r av olje- och gasfartyg som Ryssland har registrerat i andra l\u00e4nder f\u00f6r att undg\u00e5 olika sanktioner kopplade till det ryska anfallskriget mot Ukraina. Men Adler har dokumenterad koppling till ryska milit\u00e4ra transporter och den ryska vapenindustrin. Fartyget \u00e4r i praktiken o\u00e5tkomligt f\u00f6r myndighetsingripande s\u00e5 l\u00e4nge det befinner sig p\u00e5 internationellt vatten.<\/p>\n<p>Tullen slog till med kontroll<\/p>\n<p>I helgen kom dock chansen med ett ingripande n\u00e4r det pl\u00f6tsligt styrde in mot Sverige sedan bes\u00e4ttningen anropat Sj\u00f6fartsverkets sj\u00f6r\u00e4ddningscentral. Inne p\u00e5 svenskt vatten kunde Tullen sl\u00e5 till med en tullkontroll sedan man tagit hj\u00e4lp av kustbevakningen f\u00f6r att borda fartyget.<\/p>\n<p><img loading=\"lazy\"   alt=\"\"\/><\/p>\n<p>Fartyget bevakades av b\u00e5de Kustbevakningens fartyg och tullens personal p\u00e5 land.<\/p>\n<p>Foto: Johan Nilsson \/ TT \/ TT NYHETSBYR\u00c5N<\/p>\n<p>\u00d6ppna bild i helsk\u00e4rm<\/p>\n<p>Den ryska bes\u00e4ttningen hade rapporterat att man tvingats g\u00e5 in p\u00e5 svenskt vatten p\u00e5 grund av motorhaveri. Adler ankrade mellan Nyhamnsl\u00e4ge och Lerhamn, norr om H\u00f6gan\u00e4s och kunde ses fr\u00e5n land.<\/p>\n<p>Expressens genomg\u00e5ng visar att det gjordes en juridisk pr\u00f6vning om fartygets fortsatta f\u00e4rd kunde stoppas med h\u00e4nvisning till att rederiet M Leasing LLC och dess fartyg st\u00e5r p\u00e5 sanktionslistor i b\u00e5de EU och USA.<\/p>\n<p>Kammar\u00e5klagare Henrik S\u00f6derman vid riksenheten mot internationell organiserad brottslighet, RIO, kopplades in f\u00f6r att ta st\u00e4llning till om en formell f\u00f6runders\u00f6kning skulle inledas.<\/p>\n<p><img loading=\"lazy\"   alt=\"\"\/><\/p>\n<p>Adler seglar under rysk flagg och \u00e4r ett transportfartyg. Den ukrainska underr\u00e4ttelsetj\u00e4nsten h\u00e4vdar att fartyget bland annat transporterat ammunition som anv\u00e4nts i kriget mot Ukraina.<\/p>\n<p>Foto: Johan Nilsson \/ TT \/ TT NYHETSBYR\u00c5N<\/p>\n<p>\u00d6ppna bild i helsk\u00e4rm<\/p>\n<p>F\u00f6rsvarsdepartementet hade d\u00e5 redan larmats och underr\u00e4ttats om att det ryska fartyget Adler kanske skulle kunna utvecklas till en storpolitisk huvudv\u00e4rk n\u00e4r Sverige var p\u00e5 v\u00e4g mot att fira jul.<\/p>\n<p>\u2013 F\u00f6r min del var det tre led som var aktuella. Har vi jurisdiktion alls? Om vi har det, f\u00f6religger det brott? Om det f\u00f6religger brott, vad g\u00f6r vi d\u00e5, s\u00e4ger Henrik S\u00f6derman.<\/p>\n<p>\u00c5klagarens f\u00f6rklaring: D\u00e4rf\u00f6r sl\u00e4pptes Adler<\/p>\n<p>Den centrala punkten var just fartygsbes\u00e4ttningens uppgift om att de hade drabbats av motorhaveri.<\/p>\n<p>\u2013 Jag har kommit fram till att jag inte har jurisdiktion. Det beror p\u00e5 att det h\u00e4r fartyget r\u00f6rde sig p\u00e5 internationellt vatten, fick ett motorhaveri och hamnade av den anledningen en kortare period p\u00e5 svenskt vatten.<\/p>\n<p><img loading=\"lazy\"   alt=\"\"\/><\/p>\n<p>Det ryska fartyget utanf\u00f6r Nyhamnsl\u00e4ge blev ett riktigt utflyktsm\u00e5l.<\/p>\n<p>Foto: Johan Nilsson \/ TT \/ TT NYHETSBYR\u00c5N<\/p>\n<p>\u00d6ppna bild i helsk\u00e4rm<\/p>\n<p>Och d\u00e5 g\u00e4ller inte sanktionsreglerna som g\u00f6r att ett land kan ingripa. Hade fartyget i st\u00e4llet g\u00e5tt in p\u00e5 svenskt vatten p\u00e5 ett \u201dnormalt s\u00e4tt\u201d hade andra regler g\u00e4llt och ett juridiskt ingripande hade d\u00e5 varit m\u00f6jligt.<\/p>\n<p>\u2013 Det hade kunnat f\u00f6r\u00e4ndra l\u00e4get, s\u00e4ger kammar\u00e5klagare Henrik S\u00f6derman.<\/p>\n<p>Annons<\/p>\n<p><strong>Men vad fanns ombord?<\/strong><\/p>\n<p>\u2013 Jag fastnade p\u00e5 jurisdiktionen och d\u00e5 fanns det ingen anledning att pr\u00f6va det andra.<\/p>\n<p>Henrik S\u00f6derman s\u00e4ger att han f\u00e5tt en del information om vad som fanns i lasten, men att det \u00e4r ingenting som ing\u00e5r i hans pr\u00f6vning.<\/p>\n<p><strong>Hur s\u00e4ker \u00e4r du p\u00e5 att fartyget hade ett riktigt maskinproblem n\u00e4r det gick in p\u00e5 svenskt vatten?<\/strong><\/p>\n<p>\u2013 Den del av utredningen som jag har tagit del av visar ganska entydigt att de hade det.<\/p>\n<p><img loading=\"lazy\"   alt=\"\"\/><\/p>\n<p>H\u00e4r hade det ryska fartyget ankrat n\u00e4r tullen slog till med hj\u00e4lp av Kustbevakningen.<\/p>\n<p>\u00d6ppna bild i helsk\u00e4rm<\/p>\n<p>Rederiets fartyg, d\u00e4ribland Adler, har misst\u00e4nkts f\u00f6r transporter av nordkoreansk ammunition till Ryssland, ammunition som har anv\u00e4nts i kriget mot Ukraina.<\/p>\n<p>Vidare har ukrainsk underr\u00e4ttelsetj\u00e4nst kopplat rederiets fartyg till transporter av milit\u00e4r utrustning. Bland annat ska Adler ha levererat \u00f6ver 100 milit\u00e4rfordon till Mali f\u00f6r drygt ett \u00e5r sedan, luftv\u00e4rnsrobotar av modellen S-400 till Kina och fraktat vapen till Libyen.<\/p>\n<p>Tullverket har inte velat avsl\u00f6ja vad man fann i lasten ombord p\u00e5 Adler.<\/p>\n<p><strong>L\u00c4S MER: <\/strong><a href=\"https:\/\/www.expressen.se\/nyheter\/sverige\/viceamiral-skoog-haslum-vi-ar-redo--om-ryssland-hotar-sverige-och-nato\/\" class=\"\" rel=\"nofollow noopener\" target=\"_blank\">Viceamiral Skoog Haslum: Vi \u00e4r redo  om Ryssland hotar Sverige och Nato<\/a><strong>L\u00c4S MER: <\/strong><a href=\"https:\/\/www.expressen.se\/nyheter\/sverige\/sa-ska-putins-skuggflotta-punktmarkeras-i-ostersjon\/\" class=\"\" rel=\"nofollow noopener\" target=\"_blank\">S\u00e5 ska Putins skuggflotta punktmarkeras i \u00d6stersj\u00f6n<\/a><\/p>\n","protected":false},"excerpt":{"rendered":"Publicerad 23 dec 2025 kl 10.10Uppdaterad kl 11.08 Det finns nu en f\u00f6rklaring till varf\u00f6r det sanktionsst\u00e4mplade ryska&hellip;\n","protected":false},"author":2,"featured_media":114937,"comment_status":"","ping_status":"","sticky":false,"template":"","format":"standard","meta":{"footnotes":""},"categories":[5],"tags":[50,22,23,26,27,17,21,24,25,12470,274,202,28,29,15,16,1896,18,34,154,31,33,32,30,19,49,6173,996,20],"class_list":{"0":"post-114936","1":"post","2":"type-post","3":"status-publish","4":"format-standard","5":"has-post-thumbnail","7":"category-rubriker","8":"tag-arme-forsvar","9":"tag-breaking-news","10":"tag-breakingnews","11":"tag-featured-news","12":"tag-featurednews","13":"tag-headlines","14":"tag-huvudnyheter","15":"tag-latest-news","16":"tag-latestnews","17":"tag-location-hoganas","18":"tag-location-ryssland","19":"tag-location-ukraina","20":"tag-main-news","21":"tag-mainnews","22":"tag-news","23":"tag-nyheter","24":"tag-organization-forsvarsdepartementet","25":"tag-rubriker","26":"tag-se","27":"tag-sections-sverige","28":"tag-svenska","29":"tag-sverige","30":"tag-sweden","31":"tag-swedish","32":"tag-top-stories","33":"tag-topic-militar","34":"tag-topic-militar-utrustning","35":"tag-topic-myndigheter","36":"tag-topstories"},"share_on_mastodon":{"url":"https:\/\/pubeurope.com\/@se\/115769011296262199","error":""},"_links":{"self":[{"href":"https:\/\/www.europesays.com\/se\/wp-json\/wp\/v2\/posts\/114936","targetHints":{"allow":["GET"]}}],"collection":[{"href":"https:\/\/www.europesays.com\/se\/wp-json\/wp\/v2\/posts"}],"about":[{"href":"https:\/\/www.europesays.com\/se\/wp-json\/wp\/v2\/types\/post"}],"author":[{"embeddable":true,"href":"https:\/\/www.europesays.com\/se\/wp-json\/wp\/v2\/users\/2"}],"replies":[{"embeddable":true,"href":"https:\/\/www.europesays.com\/se\/wp-json\/wp\/v2\/comments?post=114936"}],"version-history":[{"count":0,"href":"https:\/\/www.europesays.com\/se\/wp-json\/wp\/v2\/posts\/114936\/revisions"}],"wp:featuredmedia":[{"embeddable":true,"href":"https:\/\/www.europesays.com\/se\/wp-json\/wp\/v2\/media\/114937"}],"wp:attachment":[{"href":"https:\/\/www.europesays.com\/se\/wp-json\/wp\/v2\/media?parent=114936"}],"wp:term":[{"taxonomy":"category","embeddable":true,"href":"https:\/\/www.europesays.com\/se\/wp-json\/wp\/v2\/categories?post=114936"},{"taxonomy":"post_tag","embeddable":true,"href":"https:\/\/www.europesays.com\/se\/wp-json\/wp\/v2\/tags?post=114936"}],"curies":[{"name":"wp","href":"https:\/\/api.w.org\/{rel}","templated":true}]}}