{"id":114974,"date":"2025-12-23T13:42:31","date_gmt":"2025-12-23T13:42:31","guid":{"rendered":"https:\/\/www.europesays.com\/se\/114974\/"},"modified":"2025-12-23T13:42:31","modified_gmt":"2025-12-23T13:42:31","slug":"mamma-doms-flicka-skars-i-underlivet-krim","status":"publish","type":"post","link":"https:\/\/www.europesays.com\/se\/114974\/","title":{"rendered":"Mamma d\u00f6ms \u2013 flicka skars i underlivet | Krim"},"content":{"rendered":"<p>Publicerad 23 dec 2025 kl 10.40Uppdaterad kl 13.45<\/p>\n<p>En flicka i l\u00e5gstadie\u00e5lder skadades allvarligt i underlivet sommaren 2022.<\/p>\n<p>Efter hemlig avlyssning \u00e5talades hennes f\u00f6r\u00e4ldrar och en kvinna f\u00f6r synnerligen grov misshandel i ett fall som r\u00f6r misst\u00e4nkt k\u00f6nsstympning.<\/p>\n<p>Nu d\u00f6ms mamman till f\u00e4ngelse f\u00f6r grov misshandel \u2013 medan pappan och kvinnan frik\u00e4nns.<\/p>\n<p><img   alt=\"\"\/><\/p>\n<p>I dag kommer domen mot de tre misst\u00e4nkta i Nyk\u00f6pings tingsr\u00e4tt.<\/p>\n<p>Foto: TS Eriksson \/ Wikimedia commons<\/p>\n<p>\u00d6ppna bild i helsk\u00e4rmArtikeln i korthet<\/p>\n<p> En flicka i l\u00e5gstadie\u00e5ldern opererades efter en bl\u00f6dning i juli 2022.\u00a0<\/p>\n<p> Tre personer, flickans mamma, pappa och en ytterligare kvinna \u00e5talades f\u00f6r synnerligen grov misshandel.<\/p>\n<p> I dag kom domen: Mamman d\u00f6ms till f\u00e4ngelse f\u00f6r grov misshandel av dottern. De andra tv\u00e5 frik\u00e4nns fr\u00e5n den delen av \u00e5talet.\u00a0<\/p>\n<p>Visa mer<\/p>\n<p>En sommarkv\u00e4ll i juli 2022 f\u00f6rdes en flicka i l\u00e5gstadie\u00e5lder med ambulans till sjukhus efter att ha f\u00e5tt kraftiga bl\u00f6dningar fr\u00e5n underlivet. Hon opererades akut och l\u00e4karna konstaterade tre djupa sk\u00e4rskador i slidan.<\/p>\n<p>Mamman uppgav att flickan hade ramlat med en cykel och skadats av cykelramen. V\u00e5rden ifr\u00e5gasatte dock f\u00f6rklaringen och gjorde b\u00e5de polisanm\u00e4lan och orosanm\u00e4lan till socialtj\u00e4nsten. Flickan placerades senare i familjehem.<\/p>\n<p>Skadorna inte orsakade av olycka<\/p>\n<p>Flera medicinska utl\u00e5tanden slog fast att skadorna inte kan f\u00f6rklaras av en olycka, utan m\u00e5ste ha uppkommit genom att n\u00e5gon skurit flickan med ett vasst f\u00f6rem\u00e5l. Skadorna bed\u00f6mdes som livshotande p\u00e5 grund av den kraftiga bl\u00f6dningen.<\/p>\n<p>Trots tidiga misstankar lades f\u00f6runders\u00f6kningen f\u00f6rst ned. \u00c5r 2024 togs den upp igen efter nya uppgifter. Polisen anv\u00e4nde d\u00e5 bland annat hemlig telefonavlyssning och rumsavlyssning i f\u00f6r\u00e4ldrarnas bostad f\u00f6r att samla bevis.<\/p>\n<p>\u00c5tal mot tre personer<\/p>\n<p>I november 2025 \u00e5talades tre personer: flickans mamma, pappa och ytterligare en kvinna.\u00a0<\/p>\n<p>F\u00f6r\u00e4ldrarna misst\u00e4nktes ha tagit flickan till en mosk\u00e9 d\u00e4r den andra kvinnan v\u00e4ntade. \u00c5klagaren menade att flickan d\u00e4r utsatts f\u00f6r ett \u00f6vergrepp som kunde kopplas till en form av k\u00f6nsstympning, men rubricerade brottet som synnerligen grov misshandel eftersom skadorna satt i de inre k\u00f6nsdelarna \u2013 k\u00f6nsstympning i svensk lag innefattar endast de yttre.<\/p>\n<p>\u00c5klagaren yrkade att samtliga tre skulle d\u00f6mas f\u00f6r synnerligen grov misshandel, och att pappan och kvinnan skulle utvisas.<\/p>\n<p>Domen: endast mamman f\u00e4lls<\/p>\n<p>I domen som meddelades p\u00e5 tisdagen d\u00f6mer Nyk\u00f6pings tingsr\u00e4tt mamman till tre \u00e5r och tre m\u00e5naders f\u00e4ngelse f\u00f6r grov misshandel. Hon ska \u00e4ven betala 200 000 kronor i skadest\u00e5nd till dottern.<\/p>\n<p>Tingsr\u00e4tten anser det bevisat att flickans skador orsakats av sk\u00e4rande v\u00e5ld, men bed\u00f6mer att bevisningen inte r\u00e4cker f\u00f6r att knyta pappan eller den andra kvinnan till g\u00e4rningen. B\u00e5da frias helt fr\u00e5n \u00e5talet om misshandeln.\u00a0<\/p>\n<p>R\u00e4tten g\u00e5r d\u00e4rmed inte p\u00e5 \u00e5klagarens p\u00e5st\u00e5ende om att de tre ska ha agerat gemensamt. Och mamman d\u00f6ms mildare \u00e4n \u00e5klagaren yrkat.\u00a0<\/p>\n<p>\u2013 En person d\u00f6ms trots att det har g\u00e5tt en l\u00e4ngre tid sedan h\u00e4ndelsen \u2013 och ju l\u00e4ngre tid, desto st\u00f6rre bevissv\u00e5righeter generellt sett \u2013 s\u00e5 det ser vi f\u00f6rst\u00e5s positivt p\u00e5. Men vi f\u00e5r konstatera att vi hade ett annat p\u00e5st\u00e5ende, vi n\u00e5dde inte hela v\u00e4gen fram, s\u00e4ger vice chef\u00e5klagare Ola Folkesson.\u00a0<\/p>\n<p>Annons<\/p>\n<p>Oklart om \u00f6verklagan<\/p>\n<p>R\u00e4tten skriver att \u201dmycket talar f\u00f6r\u201d att flickan utsatts f\u00f6r k\u00f6nsstympning, \u00e4ven om det inte g\u00e5r att fastsl\u00e5.<\/p>\n<p>Mamman d\u00f6ms eftersom den samlade bevisningen \u2013 framf\u00f6r allt den medicinska bevisningen i kombination med barnets uppgifter och \u00f6vrig st\u00f6dbevisning \u2013 r\u00e4cker f\u00f6r att knyta henne till g\u00e4rningen, medan motsvarande bevisning saknas mot de \u00f6vriga, resonerar tingsr\u00e4tten i domen. Tingsr\u00e4tten anser att det inte g\u00e5r att sl\u00e5 fast vem som utf\u00f6rde ingreppet, men att mamman k\u00e4nde till att det skulle ske och inte skyddade flickan.<\/p>\n<p>Nu ska \u00e5klagare \u00f6verv\u00e4ga om de ska \u00f6verklaga eller inte.\u00a0<\/p>\n<p>\u2013 Det \u00e4r f\u00f6r tidigt att s\u00e4ga\u201a s\u00e4ger vice chef\u00e5klagare Ola Folkesson.<\/p>\n<p>Pappan d\u00f6ms f\u00f6r andra brott<\/p>\n<p>Pappan d\u00f6ms dock f\u00f6r misshandel och barnfridsbrott vid ett annat tillf\u00e4lle i januari 2024, d\u00e5 ett av barnen misshandlades inf\u00f6r ett syskon. P\u00e5f\u00f6ljden stannar vid 30 dagsb\u00f6ter, som redan anses betalda.<\/p>\n<p>Mamman frik\u00e4nns fr\u00e5n ett separat \u00e5tal om misshandel av ett annat barn.<\/p>\n<p>\u00c5klagarens yrkanden om utvisning avsl\u00e5s. Samtliga tilltalade har f\u00f6rnekat brott.<\/p>\n","protected":false},"excerpt":{"rendered":"Publicerad 23 dec 2025 kl 10.40Uppdaterad kl 13.45 En flicka i l\u00e5gstadie\u00e5lder skadades allvarligt i underlivet sommaren 2022.&hellip;\n","protected":false},"author":2,"featured_media":114975,"comment_status":"","ping_status":"","sticky":false,"template":"","format":"standard","meta":{"footnotes":""},"categories":[5],"tags":[22,23,26,27,17,21,24,25,12472,28,29,15,16,18,34,666,31,33,32,30,19,136,20],"class_list":{"0":"post-114974","1":"post","2":"type-post","3":"status-publish","4":"format-standard","5":"has-post-thumbnail","7":"category-rubriker","8":"tag-breaking-news","9":"tag-breakingnews","10":"tag-featured-news","11":"tag-featurednews","12":"tag-headlines","13":"tag-huvudnyheter","14":"tag-latest-news","15":"tag-latestnews","16":"tag-location-sodermanlands-lan","17":"tag-main-news","18":"tag-mainnews","19":"tag-news","20":"tag-nyheter","21":"tag-rubriker","22":"tag-se","23":"tag-sections-krim","24":"tag-svenska","25":"tag-sverige","26":"tag-sweden","27":"tag-swedish","28":"tag-top-stories","29":"tag-topic-rattegangar-domar","30":"tag-topstories"},"share_on_mastodon":{"url":"https:\/\/pubeurope.com\/@se\/115769176429817744","error":""},"_links":{"self":[{"href":"https:\/\/www.europesays.com\/se\/wp-json\/wp\/v2\/posts\/114974","targetHints":{"allow":["GET"]}}],"collection":[{"href":"https:\/\/www.europesays.com\/se\/wp-json\/wp\/v2\/posts"}],"about":[{"href":"https:\/\/www.europesays.com\/se\/wp-json\/wp\/v2\/types\/post"}],"author":[{"embeddable":true,"href":"https:\/\/www.europesays.com\/se\/wp-json\/wp\/v2\/users\/2"}],"replies":[{"embeddable":true,"href":"https:\/\/www.europesays.com\/se\/wp-json\/wp\/v2\/comments?post=114974"}],"version-history":[{"count":0,"href":"https:\/\/www.europesays.com\/se\/wp-json\/wp\/v2\/posts\/114974\/revisions"}],"wp:featuredmedia":[{"embeddable":true,"href":"https:\/\/www.europesays.com\/se\/wp-json\/wp\/v2\/media\/114975"}],"wp:attachment":[{"href":"https:\/\/www.europesays.com\/se\/wp-json\/wp\/v2\/media?parent=114974"}],"wp:term":[{"taxonomy":"category","embeddable":true,"href":"https:\/\/www.europesays.com\/se\/wp-json\/wp\/v2\/categories?post=114974"},{"taxonomy":"post_tag","embeddable":true,"href":"https:\/\/www.europesays.com\/se\/wp-json\/wp\/v2\/tags?post=114974"}],"curies":[{"name":"wp","href":"https:\/\/api.w.org\/{rel}","templated":true}]}}