{"id":114978,"date":"2025-12-23T13:45:12","date_gmt":"2025-12-23T13:45:12","guid":{"rendered":"https:\/\/www.europesays.com\/se\/114978\/"},"modified":"2025-12-23T13:45:12","modified_gmt":"2025-12-23T13:45:12","slug":"michael-douglas-om-rob-reiner-han-gjorde-sa-gott-han-kunde-med-sin-son","status":"publish","type":"post","link":"https:\/\/www.europesays.com\/se\/114978\/","title":{"rendered":"Michael Douglas om Rob Reiner: &#8221;Han gjorde s\u00e5 gott han kunde med sin son&#8221;"},"content":{"rendered":"<p>F\u00f6rra veckans nyhet om <a href=\"https:\/\/www.moviezine.se\/nyheter\/pa-heder-och-samvete-skadisarna-hyllar-rob-reiner-kommer-alltid-att-minnas-honom\" rel=\"nofollow noopener\" target=\"_blank\">Rob Reiners chockartade d\u00f6d<\/a> har l\u00e4mnat ett s\u00e5r i filmv\u00e4rlden.<\/p>\n<p>Regiss\u00f6ren och hans fru m\u00f6rdades av parets son Nick, som hade en l\u00e5ng historia med drogproblem. Nu talar Oscarsvinnande sk\u00e5despelaren Michael Douglas om n\u00e5got han och Reiner hade gemensamt:<\/p>\n<p>\u2013 Jag hade ocks\u00e5 en son med missbruk, ber\u00e4ttar sk\u00e5despelaren i CBS-specialen \u201dRob Reiner \u2013 Scenes from a Life\u201d. (via <a href=\"https:\/\/variety.com\/2025\/film\/news\/michael-douglas-rob-reiner-talked-sons-struggles-1236615602\/?fbclid=IwY2xjawO3RgVleHRuA2FlbQIxMABicmlkETF5ZUpqNnE0d0h2NW5vMUN6c3J0YwZhcHBfaWQQMjIyMDM5MTc4ODIwMDg5MgABHsSOePWoxEHsz_5JXXe-3z3dwKhSO4cH3peZq0msehtqEhoYUhk4gumEBjj__aem_UA23Qd19Y7tI7HOn3lRqzA\" rel=\"nofollow noopener\" target=\"_blank\">Variety<\/a>) I mitt fall har han lyckligtvis \u00f6vervunnit problemen, men jag och Rob pratade mycket om vad man kan och inte kan g\u00f6ra i s\u00e5dana situationer.<\/p>\n<p>\u2013 Det \u00e4r en oerh\u00f6rd tragedi, forts\u00e4tter han. Det h\u00e4r \u00e4r en man som verkligen gjorde allt han kunde.<\/p>\n<p>Michael Douglas spelade i <a href=\"https:\/\/www.moviezine.se\/nyheter\/visste-du-att-rob-reiner-var-med-i-batman-fran-1966\" rel=\"nofollow noopener\" target=\"_blank\">Rob Reiners<\/a> filmer \u201dPresidenten och Miss Wade\u201d fr\u00e5n 1995 och 2014 \u00e5rs \u201dS\u00e4g aldrig aldrig\u201d.<\/p>\n<p>L\u00e4s ocks\u00e5: <a href=\"https:\/\/www.moviezine.se\/nyheter\/visste-du-att-rob-reiner-var-med-i-batman-fran-1966\" title=\"Visste du\u2026 att Rob Reiner var med i \u201dBatman\u201d fr\u00e5n 1966?\" class=\"underline-custom !font-montserrat !font-bold !underline-offset-4 !decoration-4 !decoration-moviezine-green !text-md\" rel=\"nofollow noopener\" target=\"_blank\">Visste du\u2026 att Rob Reiner var med i \u201dBatman\u201d fr\u00e5n 1966?<\/a><\/p>\n<p>L\u00e4s ocks\u00e5: <a href=\"https:\/\/www.moviezine.se\/nyheter\/rob-reiners-favorit-av-sina-filmer-ett-ododlig-coming-of-age-drama-fran-1986\" title=\"Rob Reiners favorit bland sina filmer \u2013 ett od\u00f6dligt coming-of-age-drama fr\u00e5n 1986\" class=\"underline-custom !font-montserrat !font-bold !underline-offset-4 !decoration-4 !decoration-moviezine-green !text-md\" rel=\"nofollow noopener\" target=\"_blank\">Rob Reiners favorit bland sina filmer \u2013 ett od\u00f6dligt coming-of-age-drama fr\u00e5n 1986<\/a><\/p>\n","protected":false},"excerpt":{"rendered":"F\u00f6rra veckans nyhet om Rob Reiners chockartade d\u00f6d har l\u00e4mnat ett s\u00e5r i filmv\u00e4rlden. Regiss\u00f6ren och hans fru&hellip;\n","protected":false},"author":2,"featured_media":114979,"comment_status":"","ping_status":"","sticky":false,"template":"","format":"standard","meta":{"footnotes":""},"categories":[67],"tags":[104,2394,34,31,33,32,30,105,2501],"class_list":{"0":"post-114978","1":"post","2":"type-post","3":"status-publish","4":"format-standard","5":"has-post-thumbnail","7":"category-underhallning","8":"tag-entertainment","9":"tag-kandisar","10":"tag-se","11":"tag-svenska","12":"tag-sverige","13":"tag-sweden","14":"tag-swedish","15":"tag-underhallning","16":"tag-vila-i-frid"},"share_on_mastodon":{"url":"https:\/\/pubeurope.com\/@se\/115769188189069569","error":""},"_links":{"self":[{"href":"https:\/\/www.europesays.com\/se\/wp-json\/wp\/v2\/posts\/114978","targetHints":{"allow":["GET"]}}],"collection":[{"href":"https:\/\/www.europesays.com\/se\/wp-json\/wp\/v2\/posts"}],"about":[{"href":"https:\/\/www.europesays.com\/se\/wp-json\/wp\/v2\/types\/post"}],"author":[{"embeddable":true,"href":"https:\/\/www.europesays.com\/se\/wp-json\/wp\/v2\/users\/2"}],"replies":[{"embeddable":true,"href":"https:\/\/www.europesays.com\/se\/wp-json\/wp\/v2\/comments?post=114978"}],"version-history":[{"count":0,"href":"https:\/\/www.europesays.com\/se\/wp-json\/wp\/v2\/posts\/114978\/revisions"}],"wp:featuredmedia":[{"embeddable":true,"href":"https:\/\/www.europesays.com\/se\/wp-json\/wp\/v2\/media\/114979"}],"wp:attachment":[{"href":"https:\/\/www.europesays.com\/se\/wp-json\/wp\/v2\/media?parent=114978"}],"wp:term":[{"taxonomy":"category","embeddable":true,"href":"https:\/\/www.europesays.com\/se\/wp-json\/wp\/v2\/categories?post=114978"},{"taxonomy":"post_tag","embeddable":true,"href":"https:\/\/www.europesays.com\/se\/wp-json\/wp\/v2\/tags?post=114978"}],"curies":[{"name":"wp","href":"https:\/\/api.w.org\/{rel}","templated":true}]}}