{"id":114982,"date":"2025-12-23T13:50:36","date_gmt":"2025-12-23T13:50:36","guid":{"rendered":"https:\/\/www.europesays.com\/se\/114982\/"},"modified":"2025-12-23T13:50:36","modified_gmt":"2025-12-23T13:50:36","slug":"hade-inte-ratt-att-ingripa-mer-mot-fartyget","status":"publish","type":"post","link":"https:\/\/www.europesays.com\/se\/114982\/","title":{"rendered":"Hade inte r\u00e4tt att ingripa mer mot fartyget"},"content":{"rendered":"<p>Svenska myndigheter hade inte juridisk r\u00e4tt att vidta fler \u00e5tg\u00e4rder mot det ryska fartyget Adler som i helgen l\u00e5g f\u00f6r ankar p\u00e5 svenskt vatten, trots att fartyget var belagt med sanktioner. Det s\u00e4ger kammar\u00e5klagare Henrik S\u00f6derman vid riksenheten mot internationell organiserad brottslighet till Expressen. <\/p>\n<p>\u2013 Det beror p\u00e5 att det h\u00e4r fartyget r\u00f6rde sig p\u00e5 internationellt vatten, fick ett motorhaveri och hamnade av den anledningen en kortare period p\u00e5 svenskt vatten, s\u00e4ger S\u00f6derman. <\/p>\n<p>Hade orsaken inte varit ett motorfel hade l\u00e4get varit annorlunda, f\u00f6rklarar han.<\/p>\n<p>Enligt Expressen hade F\u00f6rsvarsdepartementet informerats om att fartyget skulle kunna utvecklas till \u201den storpolitisk huvudv\u00e4rk\u201d om svenska myndigheter hade ingripit vidare. <\/p>\n<p>Omni \u00e4r politiskt obundna och oberoende. Vi str\u00e4var efter att ge fler perspektiv p\u00e5 nyheterna. Har du fr\u00e5gor eller synpunkter kring v\u00e5r rapportering? <a href=\"https:\/\/omni.se\/aklagare-hade-inte-ratt-att-ingripa-mot-ryska-fartyget\/a\/mailto:redaktion@omni.se\" class=\"ArticleActions_contactLink__W2F1M\" rel=\"nofollow noopener\" target=\"_blank\">Kontakta redaktionen<\/a><\/p>\n","protected":false},"excerpt":{"rendered":"Svenska myndigheter hade inte juridisk r\u00e4tt att vidta fler \u00e5tg\u00e4rder mot det ryska fartyget Adler som i helgen&hellip;\n","protected":false},"author":2,"featured_media":114983,"comment_status":"","ping_status":"","sticky":false,"template":"","format":"standard","meta":{"footnotes":""},"categories":[5],"tags":[22,23,267,26,27,12473,17,12338,21,120,24,25,28,29,15,16,18,264,34,389,31,33,32,30,19,20],"class_list":{"0":"post-114982","1":"post","2":"type-post","3":"status-publish","4":"format-standard","5":"has-post-thumbnail","7":"category-rubriker","8":"tag-breaking-news","9":"tag-breakingnews","10":"tag-europa","11":"tag-featured-news","12":"tag-featurednews","13":"tag-forsvarsdepartementet","14":"tag-headlines","15":"tag-hoganas","16":"tag-huvudnyheter","17":"tag-lag-ratt","18":"tag-latest-news","19":"tag-latestnews","20":"tag-main-news","21":"tag-mainnews","22":"tag-news","23":"tag-nyheter","24":"tag-rubriker","25":"tag-ryssland","26":"tag-se","27":"tag-skane-lan","28":"tag-svenska","29":"tag-sverige","30":"tag-sweden","31":"tag-swedish","32":"tag-top-stories","33":"tag-topstories"},"share_on_mastodon":{"url":"https:\/\/pubeurope.com\/@se\/115769207900331568","error":""},"_links":{"self":[{"href":"https:\/\/www.europesays.com\/se\/wp-json\/wp\/v2\/posts\/114982","targetHints":{"allow":["GET"]}}],"collection":[{"href":"https:\/\/www.europesays.com\/se\/wp-json\/wp\/v2\/posts"}],"about":[{"href":"https:\/\/www.europesays.com\/se\/wp-json\/wp\/v2\/types\/post"}],"author":[{"embeddable":true,"href":"https:\/\/www.europesays.com\/se\/wp-json\/wp\/v2\/users\/2"}],"replies":[{"embeddable":true,"href":"https:\/\/www.europesays.com\/se\/wp-json\/wp\/v2\/comments?post=114982"}],"version-history":[{"count":0,"href":"https:\/\/www.europesays.com\/se\/wp-json\/wp\/v2\/posts\/114982\/revisions"}],"wp:featuredmedia":[{"embeddable":true,"href":"https:\/\/www.europesays.com\/se\/wp-json\/wp\/v2\/media\/114983"}],"wp:attachment":[{"href":"https:\/\/www.europesays.com\/se\/wp-json\/wp\/v2\/media?parent=114982"}],"wp:term":[{"taxonomy":"category","embeddable":true,"href":"https:\/\/www.europesays.com\/se\/wp-json\/wp\/v2\/categories?post=114982"},{"taxonomy":"post_tag","embeddable":true,"href":"https:\/\/www.europesays.com\/se\/wp-json\/wp\/v2\/tags?post=114982"}],"curies":[{"name":"wp","href":"https:\/\/api.w.org\/{rel}","templated":true}]}}