{"id":114993,"date":"2025-12-23T14:06:20","date_gmt":"2025-12-23T14:06:20","guid":{"rendered":"https:\/\/www.europesays.com\/se\/114993\/"},"modified":"2025-12-23T14:06:20","modified_gmt":"2025-12-23T14:06:20","slug":"allt-fler-unga-skuldsatta-pa-grund-av-hamtmat","status":"publish","type":"post","link":"https:\/\/www.europesays.com\/se\/114993\/","title":{"rendered":"Allt fler unga skuldsatta p\u00e5 grund av h\u00e4mtmat"},"content":{"rendered":"<p>De senaste \u00e5ren har unga svenskars skulder hos Kronofogden f\u00f6r obetald h\u00e4mtmat \u00f6kat kraftigt, skriver DN. I \u00e5rets statistik finns 2\u202f926 s\u00e5dana skulder, vilket kan j\u00e4mf\u00f6ras med 384 stycken 2022. <\/p>\n<p>\u2013 En tredjedel av alla krav som skickas till oss \u00e4r under 800 kronor, s\u00e4ger Davor Vuleta, privatekonomisk talesperson p\u00e5 Kronofogden. <\/p>\n<p>\u00c4ven skadest\u00e5ndsbetalningar till brottsoffer \u00e4r en v\u00e4xande kategori skulder n\u00e4r det g\u00e4ller personer under 18 \u00e5r. <\/p>\n<p>Omni \u00e4r politiskt obundna och oberoende. Vi str\u00e4var efter att ge fler perspektiv p\u00e5 nyheterna. Har du fr\u00e5gor eller synpunkter kring v\u00e5r rapportering? <a href=\"https:\/\/omni.se\/allt-fler-unga-skuldsatta-pa-grund-av-hamtmat\/a\/mailto:redaktion@omni.se\" class=\"ArticleActions_contactLink__W2F1M\" rel=\"nofollow noopener\" target=\"_blank\">Kontakta redaktionen<\/a><\/p>\n","protected":false},"excerpt":{"rendered":"De senaste \u00e5ren har unga svenskars skulder hos Kronofogden f\u00f6r obetald h\u00e4mtmat \u00f6kat kraftigt, skriver DN. I \u00e5rets&hellip;\n","protected":false},"author":2,"featured_media":114994,"comment_status":"","ping_status":"","sticky":false,"template":"","format":"standard","meta":{"footnotes":""},"categories":[5],"tags":[223,22,23,26,27,17,21,364,24,25,28,29,15,16,349,18,34,31,33,32,30,19,20],"class_list":{"0":"post-114993","1":"post","2":"type-post","3":"status-publish","4":"format-standard","5":"has-post-thumbnail","7":"category-rubriker","8":"tag-barn-unga","9":"tag-breaking-news","10":"tag-breakingnews","11":"tag-featured-news","12":"tag-featurednews","13":"tag-headlines","14":"tag-huvudnyheter","15":"tag-kronofogdemyndigheten","16":"tag-latest-news","17":"tag-latestnews","18":"tag-main-news","19":"tag-mainnews","20":"tag-news","21":"tag-nyheter","22":"tag-privatekonomi","23":"tag-rubriker","24":"tag-se","25":"tag-svenska","26":"tag-sverige","27":"tag-sweden","28":"tag-swedish","29":"tag-top-stories","30":"tag-topstories"},"share_on_mastodon":{"url":"https:\/\/pubeurope.com\/@se\/115769270818508316","error":""},"_links":{"self":[{"href":"https:\/\/www.europesays.com\/se\/wp-json\/wp\/v2\/posts\/114993","targetHints":{"allow":["GET"]}}],"collection":[{"href":"https:\/\/www.europesays.com\/se\/wp-json\/wp\/v2\/posts"}],"about":[{"href":"https:\/\/www.europesays.com\/se\/wp-json\/wp\/v2\/types\/post"}],"author":[{"embeddable":true,"href":"https:\/\/www.europesays.com\/se\/wp-json\/wp\/v2\/users\/2"}],"replies":[{"embeddable":true,"href":"https:\/\/www.europesays.com\/se\/wp-json\/wp\/v2\/comments?post=114993"}],"version-history":[{"count":0,"href":"https:\/\/www.europesays.com\/se\/wp-json\/wp\/v2\/posts\/114993\/revisions"}],"wp:featuredmedia":[{"embeddable":true,"href":"https:\/\/www.europesays.com\/se\/wp-json\/wp\/v2\/media\/114994"}],"wp:attachment":[{"href":"https:\/\/www.europesays.com\/se\/wp-json\/wp\/v2\/media?parent=114993"}],"wp:term":[{"taxonomy":"category","embeddable":true,"href":"https:\/\/www.europesays.com\/se\/wp-json\/wp\/v2\/categories?post=114993"},{"taxonomy":"post_tag","embeddable":true,"href":"https:\/\/www.europesays.com\/se\/wp-json\/wp\/v2\/tags?post=114993"}],"curies":[{"name":"wp","href":"https:\/\/api.w.org\/{rel}","templated":true}]}}