{"id":11500,"date":"2025-08-23T04:24:19","date_gmt":"2025-08-23T04:24:19","guid":{"rendered":"https:\/\/www.europesays.com\/se\/11500\/"},"modified":"2025-08-23T04:24:19","modified_gmt":"2025-08-23T04:24:19","slug":"trump-ger-upp-forsoken-att-fa-till-mote-mellan-zelenskyj-och-putin","status":"publish","type":"post","link":"https:\/\/www.europesays.com\/se\/11500\/","title":{"rendered":"Trump ger upp f\u00f6rs\u00f6ken att f\u00e5 till m\u00f6te mellan Zelenskyj och Putin"},"content":{"rendered":"<p>Publicerad 21 aug 2025 kl 16.03Uppdaterad kl 18.02<\/p>\n<p>Donald Trump skulle hj\u00e4lpa till och arrangera ett m\u00f6te mellan Vladimir Putin och Volodymyr Zelenskyj.<\/p>\n<p>Men nu tar han ett steg tillbaka, enligt k\u00e4llor till <a href=\"https:\/\/www.theguardian.com\/us-news\/2025\/aug\/21\/trump-ukraine-russia-peace-talks\" rel=\"nofollow noopener\" target=\"_blank\">The Guardian.<\/a><\/p>\n<p>I st\u00e4llet ska presidenterna f\u00e5 styra upp m\u00f6tet sj\u00e4lva.<\/p>\n<p><img loading=\"lazy\"   alt=\"\"\/><\/p>\n<p>Vladimir Putin.<\/p>\n<p>Foto: WH \/ POLARIS \/ WH \/ POLARIS POLARIS IMAGES<\/p>\n<p>\u00d6ppna bild i helsk\u00e4rm<img loading=\"lazy\"   alt=\"\"\/><\/p>\n<p>Volodymyr Zelenskyy.<\/p>\n<p>Foto: WH \/ POLARIS \/ WH \/ POLARIS POLARIS IMAGES<\/p>\n<p>\u00d6ppna bild i helsk\u00e4rm<img loading=\"lazy\"   alt=\"\"\/><\/p>\n<p>Zelenskyj och Trump tr\u00e4ffades.<\/p>\n<p>Foto: AARON SCHWARTZ &#8211; POOL VIA CNP \/ STELLA PICTURES\/ZUMA PRESS ZUMA PRESS<\/p>\n<p>\u00d6ppna bild i helsk\u00e4rm<\/p>\n<p>N\u00e4r <a href=\"https:\/\/www.expressen.se\/tagg\/person\/donald-trump\/\" class=\"\" rel=\"nofollow noopener\" target=\"_blank\">Donald Trump<\/a> i m\u00e5ndag tr\u00e4ffade Volodymyr Zelenskyj \u2013 och hans europeiska f\u00f6ljeslagare \u2013 i Vita huset l\u00e5g mycket fokus p\u00e5 att f\u00e5 till ett m\u00f6te mellan den ukrainska presidenten och hans ryska motsvarighet Vladimir Putin.<\/p>\n<p>Zelenskyj har sagt att han \u00e4r beredd att tr\u00e4ffas, men fr\u00e5n Kreml har <a href=\"https:\/\/www.expressen.se\/nyheter\/varlden\/experten-mindre-segervisst-i-ryssland-efter-motet\/\" rel=\"nofollow noopener\" target=\"_blank\">kommunikationen varit vagare<\/a>.<\/p>\n<p>Uppgifter: Trump kliver tillbaka<\/p>\n<p>Och nu tar Donald Trump ett steg tillbaka fr\u00e5n planeringen, uppger k\u00e4llor i hans administration f\u00f6r <a href=\"https:\/\/www.theguardian.com\/us-news\/2025\/aug\/21\/trump-ukraine-russia-peace-talks\" rel=\"nofollow noopener\" target=\"_blank\">The Guardian.<\/a><\/p>\n<p>Tidigare i veckan sa den amerikanska presidenten att ett bilateralt m\u00f6te mellan Putin och Zelenskyj hade b\u00f6rjat f\u00f6rberedas, och planen var att det sen skulle f\u00f6ljas upp med ett trepartssamtal d\u00e4r \u00e4ven Donald Trump avs\u00e5g att delta.<\/p>\n<p>Men nu verkar det som att den amerikanska presidenten l\u00e4mnar \u00f6ver \u00e5t Ryssland och Ukraina att sj\u00e4lva styra upp ett m\u00f6te. Hans ambition \u00e4r dock fortfarande, enligt The Guardians k\u00e4llor, att delta i ett trilateralt m\u00f6te \u2013 men f\u00f6rst efter att Putin och Zelenskyj har tr\u00e4ffats p\u00e5 tu man hand.<\/p>\n<p>\u201dVill se vad som h\u00e4nder\u201d<\/p>\n<p>Trump ska i en telefonintervju ha sagt att han tror att detta \u00e4r b\u00e4sta v\u00e4gen att g\u00e5, att presidenterna i ett f\u00f6rsta skede m\u00f6ts utan honom.<\/p>\n<p>\u2013 Jag vill bara se vad som h\u00e4nder vid m\u00f6tet. De h\u00e5ller p\u00e5 och styr upp det, och vi f\u00e5r se vad som h\u00e4nder, s\u00e4ger han enligt The Guardian.<\/p>\n<p>Fr\u00e5n Vita huset sida uppger man att Donald Trump och hans nationella s\u00e4kerhetsteam forts\u00e4tter att prata med ryska och ukrainska tj\u00e4nstem\u00e4n f\u00f6r att f\u00e5 till ett bilateralt m\u00f6te i syfte att \u201dstoppa d\u00f6dandet och avsluta kriget\u201d, men att det inte ligger \u201di nationens intresse att forts\u00e4tta f\u00f6rhandla detta offentligt\u201d.<\/p>\n<p><img alt=\"\"\/>Ljudklippet gick inte att spela upp<\/p>\n<p>F\u00f6rs\u00f6k igen senare<\/p>\n","protected":false},"excerpt":{"rendered":"Publicerad 21 aug 2025 kl 16.03Uppdaterad kl 18.02 Donald Trump skulle hj\u00e4lpa till och arrangera ett m\u00f6te mellan&hellip;\n","protected":false},"author":2,"featured_media":11501,"comment_status":"","ping_status":"","sticky":false,"template":"","format":"standard","meta":{"footnotes":""},"categories":[14],"tags":[22,23,26,27,17,21,24,25,28,29,15,16,198,203,906,18,34,55,31,33,32,30,19,60,781,20,51,52,53,54],"class_list":{"0":"post-11500","1":"post","2":"type-post","3":"status-publish","4":"format-standard","5":"has-post-thumbnail","7":"category-varlden","8":"tag-breaking-news","9":"tag-breakingnews","10":"tag-featured-news","11":"tag-featurednews","12":"tag-headlines","13":"tag-huvudnyheter","14":"tag-latest-news","15":"tag-latestnews","16":"tag-main-news","17":"tag-mainnews","18":"tag-news","19":"tag-nyheter","20":"tag-person-donald-trump","21":"tag-person-vladimir-putin","22":"tag-person-volodymyr-zelenskyj","23":"tag-rubriker","24":"tag-se","25":"tag-sections-varlden","26":"tag-svenska","27":"tag-sverige","28":"tag-sweden","29":"tag-swedish","30":"tag-top-stories","31":"tag-topic-krig-konflikt","32":"tag-topic-utrikespolitik","33":"tag-topstories","34":"tag-varlden","35":"tag-world","36":"tag-world-news","37":"tag-worldnews"},"share_on_mastodon":{"url":"","error":""},"_links":{"self":[{"href":"https:\/\/www.europesays.com\/se\/wp-json\/wp\/v2\/posts\/11500","targetHints":{"allow":["GET"]}}],"collection":[{"href":"https:\/\/www.europesays.com\/se\/wp-json\/wp\/v2\/posts"}],"about":[{"href":"https:\/\/www.europesays.com\/se\/wp-json\/wp\/v2\/types\/post"}],"author":[{"embeddable":true,"href":"https:\/\/www.europesays.com\/se\/wp-json\/wp\/v2\/users\/2"}],"replies":[{"embeddable":true,"href":"https:\/\/www.europesays.com\/se\/wp-json\/wp\/v2\/comments?post=11500"}],"version-history":[{"count":0,"href":"https:\/\/www.europesays.com\/se\/wp-json\/wp\/v2\/posts\/11500\/revisions"}],"wp:featuredmedia":[{"embeddable":true,"href":"https:\/\/www.europesays.com\/se\/wp-json\/wp\/v2\/media\/11501"}],"wp:attachment":[{"href":"https:\/\/www.europesays.com\/se\/wp-json\/wp\/v2\/media?parent=11500"}],"wp:term":[{"taxonomy":"category","embeddable":true,"href":"https:\/\/www.europesays.com\/se\/wp-json\/wp\/v2\/categories?post=11500"},{"taxonomy":"post_tag","embeddable":true,"href":"https:\/\/www.europesays.com\/se\/wp-json\/wp\/v2\/tags?post=11500"}],"curies":[{"name":"wp","href":"https:\/\/api.w.org\/{rel}","templated":true}]}}