{"id":115007,"date":"2025-12-23T14:30:09","date_gmt":"2025-12-23T14:30:09","guid":{"rendered":"https:\/\/www.europesays.com\/se\/115007\/"},"modified":"2025-12-23T14:30:09","modified_gmt":"2025-12-23T14:30:09","slug":"finland-hojer-reservistaldern","status":"publish","type":"post","link":"https:\/\/www.europesays.com\/se\/115007\/","title":{"rendered":"Finland h\u00f6jer reservist\u00e5ldern"},"content":{"rendered":"<p>Publicerad 23 dec 2025 kl 12.44Uppdaterad kl 13.24<\/p>\n<p>Nu ska alla Finlands v\u00e4rnpliktiga h\u00f6ra till reserven upp till 65 \u00e5rs \u00e5lder, skriver f\u00f6rsvarsministeriet i ett <a href=\"https:\/\/defmin.fi\/sv\/-\/reservistaldern-hojs-till-65-ar-fran-och-med-ingangen-av-2026#3b968b1d\" rel=\"nofollow noopener\" target=\"_blank\">pressmeddelande<\/a>.<\/p>\n<p>\u2013 Finland tar hand om sin s\u00e4kerhet, s\u00e4ger f\u00f6rsvarsminister Antti H\u00e4kk\u00e4nen i ett pressmeddelande.<\/p>\n<p><img   alt=\"\"\/><\/p>\n<p>Reservist\u00e5ldern h\u00f6js till 65 \u00e5r i Finland.<\/p>\n<p>Foto: Finska f\u00f6rsvaret<\/p>\n<p>\u00d6ppna bild i helsk\u00e4rm<img loading=\"lazy\"   alt=\"\"\/><\/p>\n<p>Finland, med sin l\u00e5nga gr\u00e4ns mot Ryssland, har lagt om sin f\u00f6rsvarspolitik efter Putins anfallskrig mot Ukraina.<\/p>\n<p>Foto: ALEXANDER KAZAKOV \/ AFP TT NYHETSBYR\u00c5N<\/p>\n<p>\u00d6ppna bild i helsk\u00e4rm<\/p>\n<p><a href=\"https:\/\/www.expressen.se\/tagg\/location\/finland\/\" class=\"\" rel=\"nofollow noopener\" target=\"_blank\">Finland<\/a>, med sin l\u00e5nga gr\u00e4ns mot Ryssland, har lagt om sin f\u00f6rsvarspolitik efter Putins anfallskrig mot Ukraina. Sen 2023 \u00e4r landet med i Nato, och i v\u00e5ras beslutade man att h\u00f6ja f\u00f6rsvarsutgifterna till 3 procent av bnp senast 2029.<\/p>\n<p>Och vid \u00e5rsskiftet h\u00f6js reservist\u00e5ldern till 65 f\u00f6r att \u00f6ka tillg\u00e5ngen p\u00e5 kompetens.<\/p>\n<p>I dag \u00e4r den \u00f6vre \u00e5ldersgr\u00e4nsen 50 \u00e5r f\u00f6r meniga och och 60 \u00e5r f\u00f6r officerare och underofficerare.<\/p>\n<p>Reservens storlek ber\u00e4knas \u00f6ka med 125 000 v\u00e4rnpliktiga under en fem\u00e5rsperiod och uppg\u00e5r till cirka en miljon personer \u00e5r 2031.<\/p>\n<p>\u2013 Tillsammans med alla andra \u00e5tg\u00e4rder som st\u00e4rker f\u00f6rsvaret \u00e4r detta ett budskap om att Finland tar hand om sin s\u00e4kerhet nu och i forts\u00e4ttningen, s\u00e4ger f\u00f6rsvarsminister Antti H\u00e4kk\u00e4nen i pressmeddelandet.<\/p>\n<p>\u00c5ldersgr\u00e4nsen p\u00e5 65 \u00e5r g\u00e4ller bara dem som \u00e4r v\u00e4rnpliktiga vid lagens ikrafttr\u00e4dande.<\/p>\n<p>S\u00e5 ser det ut i Sverige<\/p>\n<p>I Sverige \u00e4r v\u00e4rnpliktiga krigsplacerade i tio \u00e5r efter det senaste tj\u00e4nstg\u00f6ringstillf\u00e4llet och som l\u00e4ngst till och med det \u00e5r man fyller 47.<\/p>\n<p>I somras f\u00f6reslog en statlig utredning att alla som tidigare tj\u00e4nstgjort som yrkesofficer eller reservofficer ska vara v\u00e4rnpliktiga upp till 70 \u00e5rs \u00e5lder.\u00a0<\/p>\n<p>Utredningen f\u00f6reslog vidare att v\u00e4rnpliktiga som inte har tj\u00e4nstgjort under tio \u00e5r ska krigsplaceras i F\u00f6rsvarsmaktens personalreserv. Placeringen d\u00e4r ska inte vara begr\u00e4nsad i tid. Efter att ha genomg\u00e5tt repetitionsutbildning ska man \u00e5ter kunna placeras i krigsf\u00f6rband, enligt f\u00f6rslaget.<\/p>\n<p>F\u00f6rsvarsmakten har inte satt n\u00e5got m\u00e5l f\u00f6r personalreservens storlek, men i utredningen n\u00e4mns siffran 100\u00a0000 som \u00f6nskv\u00e4rd \u00e5r 2035.<\/p>\n<p><strong>L\u00c4S MER: <\/strong><a href=\"https:\/\/www.expressen.se\/nyheter\/varlden\/eu-overens-om-nytt-stod-till-ukraina\/\" class=\"\" rel=\"nofollow noopener\" target=\"_blank\">EU \u00f6verens om nytt st\u00f6d till Ukraina<\/a><strong>L\u00c4S MER: <\/strong><a href=\"https:\/\/www.expressen.se\/nyheter\/varlden\/kraftsamlingen-sa-ska-tyskarna-sta-upp-mot-putin\/\" class=\"\" rel=\"nofollow noopener\" target=\"_blank\">Kraftsamlingen: S\u00e5 ska tyskarna st\u00e5 upp mot Putin<\/a><strong>L\u00c4S MER: <\/strong><a href=\"https:\/\/www.expressen.se\/nyheter\/varlden\/finland-stoppar-ryskt-kop-av-skargardstomt\/\" class=\"\" rel=\"nofollow noopener\" target=\"_blank\">Finland stoppar ryskt k\u00f6p av sk\u00e4rg\u00e5rdstomt<\/a><\/p>\n","protected":false},"excerpt":{"rendered":"Publicerad 23 dec 2025 kl 12.44Uppdaterad kl 13.24 Nu ska alla Finlands v\u00e4rnpliktiga h\u00f6ra till reserven upp till&hellip;\n","protected":false},"author":2,"featured_media":115008,"comment_status":"","ping_status":"","sticky":false,"template":"","format":"standard","meta":{"footnotes":""},"categories":[5],"tags":[50,22,23,26,27,17,21,24,25,1302,28,29,15,16,18,34,154,31,33,32,30,19,3756,49,20],"class_list":{"0":"post-115007","1":"post","2":"type-post","3":"status-publish","4":"format-standard","5":"has-post-thumbnail","7":"category-rubriker","8":"tag-arme-forsvar","9":"tag-breaking-news","10":"tag-breakingnews","11":"tag-featured-news","12":"tag-featurednews","13":"tag-headlines","14":"tag-huvudnyheter","15":"tag-latest-news","16":"tag-latestnews","17":"tag-location-finland","18":"tag-main-news","19":"tag-mainnews","20":"tag-news","21":"tag-nyheter","22":"tag-rubriker","23":"tag-se","24":"tag-sections-sverige","25":"tag-svenska","26":"tag-sverige","27":"tag-sweden","28":"tag-swedish","29":"tag-top-stories","30":"tag-topic-forsvarspolitik","31":"tag-topic-militar","32":"tag-topstories"},"share_on_mastodon":{"url":"https:\/\/pubeurope.com\/@se\/115769365175946191","error":""},"_links":{"self":[{"href":"https:\/\/www.europesays.com\/se\/wp-json\/wp\/v2\/posts\/115007","targetHints":{"allow":["GET"]}}],"collection":[{"href":"https:\/\/www.europesays.com\/se\/wp-json\/wp\/v2\/posts"}],"about":[{"href":"https:\/\/www.europesays.com\/se\/wp-json\/wp\/v2\/types\/post"}],"author":[{"embeddable":true,"href":"https:\/\/www.europesays.com\/se\/wp-json\/wp\/v2\/users\/2"}],"replies":[{"embeddable":true,"href":"https:\/\/www.europesays.com\/se\/wp-json\/wp\/v2\/comments?post=115007"}],"version-history":[{"count":0,"href":"https:\/\/www.europesays.com\/se\/wp-json\/wp\/v2\/posts\/115007\/revisions"}],"wp:featuredmedia":[{"embeddable":true,"href":"https:\/\/www.europesays.com\/se\/wp-json\/wp\/v2\/media\/115008"}],"wp:attachment":[{"href":"https:\/\/www.europesays.com\/se\/wp-json\/wp\/v2\/media?parent=115007"}],"wp:term":[{"taxonomy":"category","embeddable":true,"href":"https:\/\/www.europesays.com\/se\/wp-json\/wp\/v2\/categories?post=115007"},{"taxonomy":"post_tag","embeddable":true,"href":"https:\/\/www.europesays.com\/se\/wp-json\/wp\/v2\/tags?post=115007"}],"curies":[{"name":"wp","href":"https:\/\/api.w.org\/{rel}","templated":true}]}}