{"id":115011,"date":"2025-12-23T14:33:13","date_gmt":"2025-12-23T14:33:13","guid":{"rendered":"https:\/\/www.europesays.com\/se\/115011\/"},"modified":"2025-12-23T14:33:13","modified_gmt":"2025-12-23T14:33:13","slug":"johan-renck-smyger-over-till-netflix-styr-upp-assassins-creed","status":"publish","type":"post","link":"https:\/\/www.europesays.com\/se\/115011\/","title":{"rendered":"Johan Renck smyger \u00f6ver till Netflix \u2013 styr upp &#8221;Assassin&#8217;s Creed&#8221;"},"content":{"rendered":"<p>Tv-serieversionen av det popul\u00e4ra serien \u201dAssassin\u2019s Creed\u201d har varit p\u00e5 g\u00e5ng ett tag. Den fick gr\u00f6nt ljus hos Netflix i somras, och flera sk\u00e5despelare \u00e4r redan klara. Nu avsl\u00f6jar <a href=\"https:\/\/variety.com\/2025\/tv\/news\/assassins-creed-netflix-directed-johan-renck-1236610672\/\" rel=\"nofollow noopener\" target=\"_blank\">Variety<\/a> att ett bekant, svenskt ansikte kommer st\u00e5 bakom kameran.<\/p>\n<p>Det \u00e4r <strong>Johan Renck<\/strong>, tidigare musiker och numera prisbel\u00f6nt regiss\u00f6r, som tar sig an uppdraget. Det l\u00e5ter som att han kommer <strong>regissera alla avsnitt<\/strong>, \u00e5tminstone i f\u00f6rsta s\u00e4songen.<\/p>\n<p>Renck kommer hantera sk\u00e5despelare som Toby Wallace (\u201dEuphoria\u201d), Lola Petticrew (\u201dSay Nothing\u201d), Zachary Hart (\u201dSlow Horses\u201d) och Laura Marcus (\u201dDeath by Lightning\u201d).<\/p>\n<p>L\u00e4s ocks\u00e5: <a href=\"https:\/\/www.moviezine.se\/nyheter\/chernobyl-hade-inte-blivit-lika-bra-utan-svenska-regissoren-den-avgorande-komponenten\" title=\"\u201dChernobyl\u201d blev s\u00e5 bra tack vare den svenska regiss\u00f6ren: \u201dAvg\u00f6rande komponenten\u201d\" class=\"underline-custom !font-montserrat !font-bold !underline-offset-4 !decoration-4 !decoration-moviezine-green !text-md\" rel=\"nofollow noopener\" target=\"_blank\">\u201dChernobyl\u201d blev s\u00e5 bra tack vare den svenska regiss\u00f6ren: \u201dAvg\u00f6rande komponenten\u201d<\/a><\/p>\n<p>Handlingen \u00e4r \u00e4n s\u00e5 l\u00e4nge hemlig, men enligt uppgift kommer \u201dAssassin\u2019s Creed\u201d skildra ett hemligt krig mellan tv\u00e5 m\u00e4ktiga krafter, och kontroll st\u00e4lls mot fri vilja. Genom ikoniska historiska epoker f\u00f6ljer vi karakt\u00e4rer som sl\u00e5ss i skuggorna f\u00f6r att avg\u00f6ra m\u00e4nsklighetens framtid.<\/p>\n<p>Vi utlovas \u00e4ven gott om <a href=\"https:\/\/www.moviezine.se\/nyheter\/assassins-creed-blir-netflix-serie-utlovar-vald-och-sex\" rel=\"nofollow noopener\" target=\"_blank\">v\u00e5ld och sex<\/a>. Mysigt!<\/p>\n<p>N\u00e5got premi\u00e4rdatum \u00e4r \u00e4nnu inte satt, men med tanke p\u00e5 ledtid och specialeffekter l\u00e4r det s\u00e4kert dr\u00f6ja till \u00e5tminstone 2027. <\/p>\n<p>L\u00e4s ocks\u00e5: <a href=\"https:\/\/www.moviezine.se\/nyheter\/johan-rencks-nasta-projekt-ripley-osande-drama-om-manipulativ-forfattare\" title=\"Johan Rencks n\u00e4sta projekt: Ripley-osande drama om manipulativ f\u00f6rfattare\" class=\"underline-custom !font-montserrat !font-bold !underline-offset-4 !decoration-4 !decoration-moviezine-green !text-md\" rel=\"nofollow noopener\" target=\"_blank\">Johan Rencks n\u00e4sta projekt: Ripley-osande drama om manipulativ f\u00f6rfattare<\/a><\/p>\n<p>L\u00e4s ocks\u00e5: <a href=\"https:\/\/www.moviezine.se\/nyheter\/assassins-creed-serien-pa-netflix-verkar-utspelar-sig-i-romarriket\" title=\"\u201dAssassin\u2019s Creed\u201d-serien p\u00e5 Netflix verkar utspela sig i romarriket\" class=\"underline-custom !font-montserrat !font-bold !underline-offset-4 !decoration-4 !decoration-moviezine-green !text-md\" rel=\"nofollow noopener\" target=\"_blank\">\u201dAssassin\u2019s Creed\u201d-serien p\u00e5 Netflix verkar utspela sig i romarriket<\/a><\/p>\n<p>L\u00e4s ocks\u00e5: <a href=\"https:\/\/www.moviezine.se\/nyheter\/han-far-en-av-huvudrollerna-nar-assassins-creed-blir-tv-serie\" title=\"Han f\u00e5r en av huvudrollerna n\u00e4r \u201dAssassin\u2019s Creed\u201d blir tv-serie\" class=\"underline-custom !font-montserrat !font-bold !underline-offset-4 !decoration-4 !decoration-moviezine-green !text-md\" rel=\"nofollow noopener\" target=\"_blank\">Han f\u00e5r en av huvudrollerna n\u00e4r \u201dAssassin\u2019s Creed\u201d blir tv-serie<\/a><\/p>\n","protected":false},"excerpt":{"rendered":"Tv-serieversionen av det popul\u00e4ra serien \u201dAssassin\u2019s Creed\u201d har varit p\u00e5 g\u00e5ng ett tag. Den fick gr\u00f6nt ljus hos&hellip;\n","protected":false},"author":2,"featured_media":115012,"comment_status":"","ping_status":"","sticky":false,"template":"","format":"standard","meta":{"footnotes":""},"categories":[67],"tags":[104,2399,34,31,33,32,30,105],"class_list":{"0":"post-115011","1":"post","2":"type-post","3":"status-publish","4":"format-standard","5":"has-post-thumbnail","7":"category-underhallning","8":"tag-entertainment","9":"tag-netflix","10":"tag-se","11":"tag-svenska","12":"tag-sverige","13":"tag-sweden","14":"tag-swedish","15":"tag-underhallning"},"share_on_mastodon":{"url":"https:\/\/pubeurope.com\/@se\/115769376984950454","error":""},"_links":{"self":[{"href":"https:\/\/www.europesays.com\/se\/wp-json\/wp\/v2\/posts\/115011","targetHints":{"allow":["GET"]}}],"collection":[{"href":"https:\/\/www.europesays.com\/se\/wp-json\/wp\/v2\/posts"}],"about":[{"href":"https:\/\/www.europesays.com\/se\/wp-json\/wp\/v2\/types\/post"}],"author":[{"embeddable":true,"href":"https:\/\/www.europesays.com\/se\/wp-json\/wp\/v2\/users\/2"}],"replies":[{"embeddable":true,"href":"https:\/\/www.europesays.com\/se\/wp-json\/wp\/v2\/comments?post=115011"}],"version-history":[{"count":0,"href":"https:\/\/www.europesays.com\/se\/wp-json\/wp\/v2\/posts\/115011\/revisions"}],"wp:featuredmedia":[{"embeddable":true,"href":"https:\/\/www.europesays.com\/se\/wp-json\/wp\/v2\/media\/115012"}],"wp:attachment":[{"href":"https:\/\/www.europesays.com\/se\/wp-json\/wp\/v2\/media?parent=115011"}],"wp:term":[{"taxonomy":"category","embeddable":true,"href":"https:\/\/www.europesays.com\/se\/wp-json\/wp\/v2\/categories?post=115011"},{"taxonomy":"post_tag","embeddable":true,"href":"https:\/\/www.europesays.com\/se\/wp-json\/wp\/v2\/tags?post=115011"}],"curies":[{"name":"wp","href":"https:\/\/api.w.org\/{rel}","templated":true}]}}