{"id":115024,"date":"2025-12-23T14:52:08","date_gmt":"2025-12-23T14:52:08","guid":{"rendered":"https:\/\/www.europesays.com\/se\/115024\/"},"modified":"2025-12-23T14:52:08","modified_gmt":"2025-12-23T14:52:08","slug":"greta-thunberg-gripen-i-london-2","status":"publish","type":"post","link":"https:\/\/www.europesays.com\/se\/115024\/","title":{"rendered":"Greta Thunberg gripen i London"},"content":{"rendered":"<p>Enligt Sky News har Greta Thunberg gripits av polis i centrala London, i samband med en demonstration till st\u00f6d f\u00f6r hungerstrejkande aktivister. <\/p>\n<p>Polisen i London s\u00e4ger sig ha gripit en 22-\u00e5rig kvinna f\u00f6r att ha visat ett plakat som st\u00f6ttar \u201dPalestine Action\u201d, en organisation som det \u00e4r f\u00f6rbjudet att vara medlem i eller uttrycka st\u00f6d f\u00f6r enligt brittiska anti-terrorlagar. <\/p>\n<p>P\u00e5 bilder publicerade av Sky News ses den svenska aktivisten h\u00e5lla upp en skylt med texten: \u201dJag st\u00f6ttar Palestine Action-f\u00e5ngarna. Jag mots\u00e4tter mig folkmord\u201d.<\/p>\n","protected":false},"excerpt":{"rendered":"Enligt Sky News har Greta Thunberg gripits av polis i centrala London, i samband med en demonstration till&hellip;\n","protected":false},"author":2,"featured_media":793,"comment_status":"","ping_status":"","sticky":false,"template":"","format":"standard","meta":{"footnotes":""},"categories":[14],"tags":[22,23,26,27,17,21,24,25,28,29,15,16,18,34,31,33,32,30,19,20,51,52,53,54],"class_list":{"0":"post-115024","1":"post","2":"type-post","3":"status-publish","4":"format-standard","5":"has-post-thumbnail","7":"category-varlden","8":"tag-breaking-news","9":"tag-breakingnews","10":"tag-featured-news","11":"tag-featurednews","12":"tag-headlines","13":"tag-huvudnyheter","14":"tag-latest-news","15":"tag-latestnews","16":"tag-main-news","17":"tag-mainnews","18":"tag-news","19":"tag-nyheter","20":"tag-rubriker","21":"tag-se","22":"tag-svenska","23":"tag-sverige","24":"tag-sweden","25":"tag-swedish","26":"tag-top-stories","27":"tag-topstories","28":"tag-varlden","29":"tag-world","30":"tag-world-news","31":"tag-worldnews"},"share_on_mastodon":{"url":"https:\/\/pubeurope.com\/@se\/115769451672539386","error":""},"_links":{"self":[{"href":"https:\/\/www.europesays.com\/se\/wp-json\/wp\/v2\/posts\/115024","targetHints":{"allow":["GET"]}}],"collection":[{"href":"https:\/\/www.europesays.com\/se\/wp-json\/wp\/v2\/posts"}],"about":[{"href":"https:\/\/www.europesays.com\/se\/wp-json\/wp\/v2\/types\/post"}],"author":[{"embeddable":true,"href":"https:\/\/www.europesays.com\/se\/wp-json\/wp\/v2\/users\/2"}],"replies":[{"embeddable":true,"href":"https:\/\/www.europesays.com\/se\/wp-json\/wp\/v2\/comments?post=115024"}],"version-history":[{"count":0,"href":"https:\/\/www.europesays.com\/se\/wp-json\/wp\/v2\/posts\/115024\/revisions"}],"wp:featuredmedia":[{"embeddable":true,"href":"https:\/\/www.europesays.com\/se\/wp-json\/wp\/v2\/media\/793"}],"wp:attachment":[{"href":"https:\/\/www.europesays.com\/se\/wp-json\/wp\/v2\/media?parent=115024"}],"wp:term":[{"taxonomy":"category","embeddable":true,"href":"https:\/\/www.europesays.com\/se\/wp-json\/wp\/v2\/categories?post=115024"},{"taxonomy":"post_tag","embeddable":true,"href":"https:\/\/www.europesays.com\/se\/wp-json\/wp\/v2\/tags?post=115024"}],"curies":[{"name":"wp","href":"https:\/\/api.w.org\/{rel}","templated":true}]}}