{"id":115050,"date":"2025-12-23T15:34:10","date_gmt":"2025-12-23T15:34:10","guid":{"rendered":"https:\/\/www.europesays.com\/se\/115050\/"},"modified":"2025-12-23T15:34:10","modified_gmt":"2025-12-23T15:34:10","slug":"saab-i-miljonaffar-med-forsvarsmakten","status":"publish","type":"post","link":"https:\/\/www.europesays.com\/se\/115050\/","title":{"rendered":"Saab i miljonaff\u00e4r med F\u00f6rsvarsmakten"},"content":{"rendered":"<p class=\"font-sans text-base text-text-main dark:text-text-main-dark font-normal leading-[1.4]\">F\u00f6rsvarsbolaget Saab har tecknat ett ramavtal med F\u00f6rsvarets materielverk avseende det kompakta radarsystemet Giraffe 1X och har samtidigt tagit emot en f\u00f6rsta best\u00e4llning inom avtalet, till ett v\u00e4rde om 650 miljoner kronor med omg\u00e5ende leveranser, enligt ett pressmeddelande.<\/p>\n<p>Avtalet omfattar anv\u00e4ndning inom flera delar av F\u00f6rsvarsmakten och den f\u00f6rsta best\u00e4llningen g\u00e4ller Giraffe 1X i konfigurationen Compact Radar Module, som m\u00f6jligg\u00f6r snabb installation p\u00e5 olika plattformar.<br class=\"col-start-2\"\/><\/p>\n","protected":false},"excerpt":{"rendered":"F\u00f6rsvarsbolaget Saab har tecknat ett ramavtal med F\u00f6rsvarets materielverk avseende det kompakta radarsystemet Giraffe 1X och har samtidigt&hellip;\n","protected":false},"author":2,"featured_media":90641,"comment_status":"","ping_status":"","sticky":false,"template":"","format":"standard","meta":{"footnotes":""},"categories":[5],"tags":[22,23,26,27,17,21,24,25,28,29,15,16,18,2200,34,31,33,32,30,19,20],"class_list":{"0":"post-115050","1":"post","2":"type-post","3":"status-publish","4":"format-standard","5":"has-post-thumbnail","7":"category-rubriker","8":"tag-breaking-news","9":"tag-breakingnews","10":"tag-featured-news","11":"tag-featurednews","12":"tag-headlines","13":"tag-huvudnyheter","14":"tag-latest-news","15":"tag-latestnews","16":"tag-main-news","17":"tag-mainnews","18":"tag-news","19":"tag-nyheter","20":"tag-rubriker","21":"tag-saab","22":"tag-se","23":"tag-svenska","24":"tag-sverige","25":"tag-sweden","26":"tag-swedish","27":"tag-top-stories","28":"tag-topstories"},"share_on_mastodon":{"url":"https:\/\/pubeurope.com\/@se\/115769616826134355","error":""},"_links":{"self":[{"href":"https:\/\/www.europesays.com\/se\/wp-json\/wp\/v2\/posts\/115050","targetHints":{"allow":["GET"]}}],"collection":[{"href":"https:\/\/www.europesays.com\/se\/wp-json\/wp\/v2\/posts"}],"about":[{"href":"https:\/\/www.europesays.com\/se\/wp-json\/wp\/v2\/types\/post"}],"author":[{"embeddable":true,"href":"https:\/\/www.europesays.com\/se\/wp-json\/wp\/v2\/users\/2"}],"replies":[{"embeddable":true,"href":"https:\/\/www.europesays.com\/se\/wp-json\/wp\/v2\/comments?post=115050"}],"version-history":[{"count":0,"href":"https:\/\/www.europesays.com\/se\/wp-json\/wp\/v2\/posts\/115050\/revisions"}],"wp:featuredmedia":[{"embeddable":true,"href":"https:\/\/www.europesays.com\/se\/wp-json\/wp\/v2\/media\/90641"}],"wp:attachment":[{"href":"https:\/\/www.europesays.com\/se\/wp-json\/wp\/v2\/media?parent=115050"}],"wp:term":[{"taxonomy":"category","embeddable":true,"href":"https:\/\/www.europesays.com\/se\/wp-json\/wp\/v2\/categories?post=115050"},{"taxonomy":"post_tag","embeddable":true,"href":"https:\/\/www.europesays.com\/se\/wp-json\/wp\/v2\/tags?post=115050"}],"curies":[{"name":"wp","href":"https:\/\/api.w.org\/{rel}","templated":true}]}}