{"id":115067,"date":"2025-12-23T15:58:19","date_gmt":"2025-12-23T15:58:19","guid":{"rendered":"https:\/\/www.europesays.com\/se\/115067\/"},"modified":"2025-12-23T15:58:19","modified_gmt":"2025-12-23T15:58:19","slug":"orange-varning-for-vind-och-sno-pa-julafton","status":"publish","type":"post","link":"https:\/\/www.europesays.com\/se\/115067\/","title":{"rendered":"Orange varning f\u00f6r vind och sn\u00f6 p\u00e5 julafton"},"content":{"rendered":"<p>Publicerad 23 dec 2025 kl 12.04Uppdaterad kl 14.37<\/p>\n<p>SMHI har utf\u00e4rdat tv\u00e5 orange v\u00e4dervarningar som b\u00f6rjar g\u00e4lla p\u00e5 julafton.<\/p>\n<p>Det r\u00f6r sig om h\u00e5rda vindar och kraftiga sn\u00f6fall.<\/p>\n<p>\u201dGe dig inte ut\u201d, skriver man.\u00a0<\/p>\n<p>P\u00e5 juldagen kommer det vara riktigt bl\u00e5sigt i stora delar av fj\u00e4llen.\u00a0<\/p>\n<p><img   alt=\"\"\/><\/p>\n<p>I delar av Norrland kommer det sn\u00f6a rej\u00e4lt.<\/p>\n<p>Foto: ANDERS WIKLUND\/TT \/ TT NYHETSBYR\u00c5N<\/p>\n<p>\u00d6ppna bild i helsk\u00e4rm<img loading=\"lazy\"   alt=\"\"\/><\/p>\n<p>SMHI har utf\u00e4rdat en gul varning i \u00c5re.<\/p>\n<p>Foto: HANNA BRUNL\u00d6F<\/p>\n<p>\u00d6ppna bild i helsk\u00e4rm<img loading=\"lazy\"   alt=\"\"\/> <\/p>\n<p>Foto: BJ\u00d6RN LINDGREN \/ TT NYHETSBYR\u00c5N<\/p>\n<p>\u00d6ppna bild i helsk\u00e4rm<img loading=\"lazy\"   alt=\"\"\/><\/p>\n<p>P\u00e5 juldagen kommer det vara riktigt bl\u00e5sigt i stora delar av fj\u00e4llen.<\/p>\n<p>Foto: Skistar<\/p>\n<p>\u00d6ppna bild i helsk\u00e4rm<img loading=\"lazy\"   alt=\"\"\/><\/p>\n<p>\u201dGe dig inte ut p\u00e5 fj\u00e4llet i on\u00f6dan. R\u00e4ddningsinsatser kan vara riskabla och ta l\u00e5ng tid\u201d, skriver SMHI.<\/p>\n<p>Foto: Skistar<\/p>\n<p>\u00d6ppna bild i helsk\u00e4rm<\/p>\n<p>Varningarna g\u00e4ller f\u00f6r delar av Norrbottens och V\u00e4sterbottens l\u00e4n, p\u00e5 kalfj\u00e4llet.<\/p>\n<p>De b\u00f6rjar g\u00e4lla p\u00e5 julaftonseftermiddagen och str\u00e4cker sig under natten inp\u00e5 juldagsdygnet.\u00a0<\/p>\n<p>Lokalt kan det bl\u00e5sa upp till stormstyrka, \u00f6ver 25 meter per sekund. Samtidigt kan det komma rej\u00e4la m\u00e4ngder sn\u00f6 som g\u00f6r v\u00e4dret allm\u00e4nt besv\u00e4rligt.<\/p>\n<p>\u201dGe dig inte ut p\u00e5 fj\u00e4llet i on\u00f6dan. R\u00e4ddningsinsatser kan vara riskabla och ta l\u00e5ng tid\u201d, skriver <a href=\"https:\/\/www.expressen.se\/tagg\/organization\/smhi\/\" class=\"\" rel=\"nofollow noopener\" target=\"_blank\">SMHI<\/a>.<\/p>\n<p>Risken f\u00f6r att f\u00f6rfrysa om man ger sig ut \u00e4r ocks\u00e5 stor.\u00a0<\/p>\n<p>Ny vindvarning i \u00c5re: \u201dSt\u00e4ll in\u201d<\/p>\n<p>P\u00e5 julaftonskv\u00e4llen b\u00f6rjar dessutom en gul varning f\u00f6r vind g\u00e4lla lite l\u00e4ngre s\u00f6derut, i fj\u00e4llomr\u00e5dena i V\u00e4sterbottens l\u00e4n och norra J\u00e4mtlands l\u00e4n. Den varningen f\u00f6r h\u00e5rd vind g\u00e4ller \u00e4nda fram till annandagens b\u00f6rjan.\u00a0<\/p>\n<p>P\u00e5 juldagen kl\u00e4ttrar vinden \u00e4nnu l\u00e4ngre s\u00f6derut \u2013 och det blir bl\u00e5sigt \u00e4ven i mellersta J\u00e4mtlands fj\u00e4ll, d\u00e4ribland \u00c5re.\u00a0<\/p>\n<p>\u201dSt\u00e4ll in fj\u00e4llturen om du inte \u00e4r ordentligt fj\u00e4llvan\u201d, varnar SMHI.\u00a0<\/p>\n<p>Det kan bl\u00e5sa upp till 24 meter per sekund i omr\u00e5det.\u00a0<\/p>\n","protected":false},"excerpt":{"rendered":"Publicerad 23 dec 2025 kl 12.04Uppdaterad kl 14.37 SMHI har utf\u00e4rdat tv\u00e5 orange v\u00e4dervarningar som b\u00f6rjar g\u00e4lla p\u00e5&hellip;\n","protected":false},"author":2,"featured_media":115068,"comment_status":"","ping_status":"","sticky":false,"template":"","format":"standard","meta":{"footnotes":""},"categories":[5],"tags":[22,23,26,27,17,21,24,25,28,29,15,16,288,18,34,281,31,33,32,30,19,20],"class_list":{"0":"post-115067","1":"post","2":"type-post","3":"status-publish","4":"format-standard","5":"has-post-thumbnail","7":"category-rubriker","8":"tag-breaking-news","9":"tag-breakingnews","10":"tag-featured-news","11":"tag-featurednews","12":"tag-headlines","13":"tag-huvudnyheter","14":"tag-latest-news","15":"tag-latestnews","16":"tag-main-news","17":"tag-mainnews","18":"tag-news","19":"tag-nyheter","20":"tag-organization-smhi","21":"tag-rubriker","22":"tag-se","23":"tag-sections-vader","24":"tag-svenska","25":"tag-sverige","26":"tag-sweden","27":"tag-swedish","28":"tag-top-stories","29":"tag-topstories"},"share_on_mastodon":{"url":"https:\/\/pubeurope.com\/@se\/115769711264930892","error":""},"_links":{"self":[{"href":"https:\/\/www.europesays.com\/se\/wp-json\/wp\/v2\/posts\/115067","targetHints":{"allow":["GET"]}}],"collection":[{"href":"https:\/\/www.europesays.com\/se\/wp-json\/wp\/v2\/posts"}],"about":[{"href":"https:\/\/www.europesays.com\/se\/wp-json\/wp\/v2\/types\/post"}],"author":[{"embeddable":true,"href":"https:\/\/www.europesays.com\/se\/wp-json\/wp\/v2\/users\/2"}],"replies":[{"embeddable":true,"href":"https:\/\/www.europesays.com\/se\/wp-json\/wp\/v2\/comments?post=115067"}],"version-history":[{"count":0,"href":"https:\/\/www.europesays.com\/se\/wp-json\/wp\/v2\/posts\/115067\/revisions"}],"wp:featuredmedia":[{"embeddable":true,"href":"https:\/\/www.europesays.com\/se\/wp-json\/wp\/v2\/media\/115068"}],"wp:attachment":[{"href":"https:\/\/www.europesays.com\/se\/wp-json\/wp\/v2\/media?parent=115067"}],"wp:term":[{"taxonomy":"category","embeddable":true,"href":"https:\/\/www.europesays.com\/se\/wp-json\/wp\/v2\/categories?post=115067"},{"taxonomy":"post_tag","embeddable":true,"href":"https:\/\/www.europesays.com\/se\/wp-json\/wp\/v2\/tags?post=115067"}],"curies":[{"name":"wp","href":"https:\/\/api.w.org\/{rel}","templated":true}]}}