{"id":115081,"date":"2025-12-23T16:20:07","date_gmt":"2025-12-23T16:20:07","guid":{"rendered":"https:\/\/www.europesays.com\/se\/115081\/"},"modified":"2025-12-23T16:20:07","modified_gmt":"2025-12-23T16:20:07","slug":"6-000-polska-soldater-firar-jul-pa-gransen-till-belarus","status":"publish","type":"post","link":"https:\/\/www.europesays.com\/se\/115081\/","title":{"rendered":"6\u00a0000 polska soldater firar jul p\u00e5 gr\u00e4nsen till Belarus"},"content":{"rendered":"<p>\u00d6ver 6\u202f000 polska soldater och gr\u00e4nsbevakare kommer att fira julafton l\u00e4ngs gr\u00e4nsen mot Belarus. Det s\u00e4ger premi\u00e4rminister Donald Tusk p\u00e5 tisdagen i samband med ett bes\u00f6k vid ett av fem nya observationstorn som byggts den senaste tiden l\u00e4ngs gr\u00e4nsen, rapporterar Euronews.<\/p>\n<p>\u2013 Vi kommer att t\u00e4nka varmt p\u00e5 dem, och vi kommer alla att minnas att det \u00e4r tack vare dem som alla andra kan tillbringa julen tryggt i sina hem.<\/p>\n<p>Bes\u00f6ket gjordes vid observationstornet i Ozierany tillsammans med inrikesminister Marcin Kierwi\u0144ski, d\u00e4r ett nytt kluster av dr\u00f6narskydd installeras.<\/p>\n<p>\u2013 Det \u00e4r ett speciellt torn eftersom det f\u00f6rsta klustret av artillerisystemet som ska f\u00f6rsvara den polska gr\u00e4nsen installeras p\u00e5 detta torn, s\u00e4ger Kierwi\u0144ski.<\/p>\n<p>Omni \u00e4r politiskt obundna och oberoende. Vi str\u00e4var efter att ge fler perspektiv p\u00e5 nyheterna. Har du fr\u00e5gor eller synpunkter kring v\u00e5r rapportering? <a href=\"https:\/\/omni.se\/6000-polska-soldater-firar-jul-pa-gransen-till-belarus\/a\/mailto:redaktion@omni.se\" class=\"ArticleActions_contactLink__W2F1M\" rel=\"nofollow noopener\" target=\"_blank\">Kontakta redaktionen<\/a><\/p>\n","protected":false},"excerpt":{"rendered":"\u00d6ver 6\u202f000 polska soldater och gr\u00e4nsbevakare kommer att fira julafton l\u00e4ngs gr\u00e4nsen mot Belarus. Det s\u00e4ger premi\u00e4rminister Donald&hellip;\n","protected":false},"author":2,"featured_media":115082,"comment_status":"","ping_status":"","sticky":false,"template":"","format":"standard","meta":{"footnotes":""},"categories":[14],"tags":[948,22,23,3063,267,26,27,17,21,24,25,28,29,15,16,1912,18,34,31,33,32,30,19,20,51,52,53,54],"class_list":{"0":"post-115081","1":"post","2":"type-post","3":"status-publish","4":"format-standard","5":"has-post-thumbnail","7":"category-varlden","8":"tag-belarus","9":"tag-breaking-news","10":"tag-breakingnews","11":"tag-donald-tusk","12":"tag-europa","13":"tag-featured-news","14":"tag-featurednews","15":"tag-headlines","16":"tag-huvudnyheter","17":"tag-latest-news","18":"tag-latestnews","19":"tag-main-news","20":"tag-mainnews","21":"tag-news","22":"tag-nyheter","23":"tag-polen","24":"tag-rubriker","25":"tag-se","26":"tag-svenska","27":"tag-sverige","28":"tag-sweden","29":"tag-swedish","30":"tag-top-stories","31":"tag-topstories","32":"tag-varlden","33":"tag-world","34":"tag-world-news","35":"tag-worldnews"},"share_on_mastodon":{"url":"https:\/\/pubeurope.com\/@se\/115769797653603174","error":""},"_links":{"self":[{"href":"https:\/\/www.europesays.com\/se\/wp-json\/wp\/v2\/posts\/115081","targetHints":{"allow":["GET"]}}],"collection":[{"href":"https:\/\/www.europesays.com\/se\/wp-json\/wp\/v2\/posts"}],"about":[{"href":"https:\/\/www.europesays.com\/se\/wp-json\/wp\/v2\/types\/post"}],"author":[{"embeddable":true,"href":"https:\/\/www.europesays.com\/se\/wp-json\/wp\/v2\/users\/2"}],"replies":[{"embeddable":true,"href":"https:\/\/www.europesays.com\/se\/wp-json\/wp\/v2\/comments?post=115081"}],"version-history":[{"count":0,"href":"https:\/\/www.europesays.com\/se\/wp-json\/wp\/v2\/posts\/115081\/revisions"}],"wp:featuredmedia":[{"embeddable":true,"href":"https:\/\/www.europesays.com\/se\/wp-json\/wp\/v2\/media\/115082"}],"wp:attachment":[{"href":"https:\/\/www.europesays.com\/se\/wp-json\/wp\/v2\/media?parent=115081"}],"wp:term":[{"taxonomy":"category","embeddable":true,"href":"https:\/\/www.europesays.com\/se\/wp-json\/wp\/v2\/categories?post=115081"},{"taxonomy":"post_tag","embeddable":true,"href":"https:\/\/www.europesays.com\/se\/wp-json\/wp\/v2\/tags?post=115081"}],"curies":[{"name":"wp","href":"https:\/\/api.w.org\/{rel}","templated":true}]}}