{"id":115088,"date":"2025-12-23T16:37:06","date_gmt":"2025-12-23T16:37:06","guid":{"rendered":"https:\/\/www.europesays.com\/se\/115088\/"},"modified":"2025-12-23T16:37:06","modified_gmt":"2025-12-23T16:37:06","slug":"zelenskyj-julattack-visar-pa-ryska-prioriteringar-vasterbottens-kuriren","status":"publish","type":"post","link":"https:\/\/www.europesays.com\/se\/115088\/","title":{"rendered":"Zelenskyj: Julattack visar p\u00e5 ryska prioriteringar &#8211; V\u00e4sterbottens-Kuriren"},"content":{"rendered":"<ol>\n<li><a href=\"https:\/\/news.google.com\/rss\/articles\/CBMijAFBVV95cUxOam9ua2FuQ0k4OU1adDY0bmdvclVsaGZsOGZZa3FXamFEX1VMTlZRVU4tZmNmbGZFSnNweTl4cDU4a0N3UkJfU2FOOFRnNzVqNTNHeXU0WFlkVEtkc0trTWtGZ0phM2hYSDJxYWlTcnJreDZnSmJiQ2xWLXYtREIzSmR1MGoyYldJZlNHRA?oc=5\" target=\"_blank\" rel=\"nofollow noopener\">Zelenskyj: Julattack visar p\u00e5 ryska prioriteringar<\/a>&nbsp;&nbsp;V\u00e4sterbottens-Kuriren<\/li>\n<li><a href=\"https:\/\/news.google.com\/rss\/articles\/CBMisgFBVV95cUxOYTVKZmlkd0t5Q1hXQk96VGVJcnpQZmo3VTJ5dEtzQ2IzdkF1ZkYxV3ZtY0RnMEJTal9USF9kUjRSU2lGb3gtaE5xNDU2WnA5TDFGM2YxdDhQWTJmQlpiLVhXZk9OTXpyN3I5X2Q3OVlJV0ctYjRrM0EzT3hxYXFoWkdMWGh4MEJqQWNFal8zSTZnWnpkMm8zeVBPZVBPck5uMVpqNHFneFJkQURNRDVoc2tR?oc=5\" target=\"_blank\" rel=\"nofollow noopener\">Ryssland: Tagit kontroll \u00f6ver tv\u00e5 ukrainska byar \u2013 Senaste nytt om kriget i Ukraina<\/a>&nbsp;&nbsp;SVT Nyheter<\/li>\n<li><a href=\"https:\/\/news.google.com\/rss\/articles\/CBMipgFBVV95cUxORE5PZVBMYk80SWpCdllYaEdUWUFFd0haTVFaVVJvdTYwS1dDM0djNnNnT2ZoV1RNUVlWUFhpWXV5LWxlS1ZpTVJJekkyc2l5cl91LTRKNUFSWUNOSnlIRjlta0lkS0tZc3ItY3VNdVh5cjhHQUwtSjZBaFpVTC1wT3p0aE5LaXlpcG9vQ3F2TTR5cWtBZDBkUFVmaXhmaXo4R0R4UEFB?oc=5\" target=\"_blank\" rel=\"nofollow noopener\">Nya attacker mot Ukraina \u2013 Zelenskyj varnar f\u00f6r fler under julhelgen<\/a>&nbsp;&nbsp;Sveriges Radio<\/li>\n<li><a href=\"https:\/\/news.google.com\/rss\/articles\/CBMiiwFBVV95cUxPb1dBX2UyQWlZc0ZjeUw0aWFYd0tEWDduejNGcGoxaTdZbTk4UnloY2wxdnVTV1hJcm1WdTBKUzNOZGMxemUxT0xMTlBaNmdGQTZWa0F0MjBkZC1Cb1lNaEd5RTFBMk93eXhDeVlfSzlBN3RfZVBJV09NVzg0SU9CNHl2QkI0V2Zfc1hN?oc=5\" target=\"_blank\" rel=\"nofollow noopener\">Ukraina: Ryska attacker mot flera st\u00e4der<\/a>&nbsp;&nbsp;Aftonbladet<\/li>\n<li><a href=\"https:\/\/news.google.com\/rss\/articles\/CBMiakFVX3lxTFA3R0xoal8zeUJVaFNqQ1NfQkQtQ1lmSE1fYmRaek04cm55aC1fbENZRnctU0RHLURkU1BrVjBEX0I1ZGZBTEMteXF3MklVRDdJdldzWkc3V1pSdmV1WWgzVWtadTUwY3VyREE?oc=5\" target=\"_blank\" rel=\"nofollow noopener\">Drottningen fyller 82 \u2013 firas med salut<\/a>&nbsp;&nbsp;SvD<\/li>\n<\/ol>\n","protected":false},"excerpt":{"rendered":"Zelenskyj: Julattack visar p\u00e5 ryska prioriteringar&nbsp;&nbsp;V\u00e4sterbottens-Kuriren Ryssland: Tagit kontroll \u00f6ver tv\u00e5 ukrainska byar \u2013 Senaste nytt om kriget&hellip;\n","protected":false},"author":2,"featured_media":115089,"comment_status":"","ping_status":"","sticky":false,"template":"","format":"standard","meta":{"footnotes":""},"categories":[14],"tags":[22,23,26,27,17,21,24,25,28,29,15,16,18,34,31,33,32,30,19,20,51,52,53,54],"class_list":{"0":"post-115088","1":"post","2":"type-post","3":"status-publish","4":"format-standard","5":"has-post-thumbnail","7":"category-varlden","8":"tag-breaking-news","9":"tag-breakingnews","10":"tag-featured-news","11":"tag-featurednews","12":"tag-headlines","13":"tag-huvudnyheter","14":"tag-latest-news","15":"tag-latestnews","16":"tag-main-news","17":"tag-mainnews","18":"tag-news","19":"tag-nyheter","20":"tag-rubriker","21":"tag-se","22":"tag-svenska","23":"tag-sverige","24":"tag-sweden","25":"tag-swedish","26":"tag-top-stories","27":"tag-topstories","28":"tag-varlden","29":"tag-world","30":"tag-world-news","31":"tag-worldnews"},"share_on_mastodon":{"url":"https:\/\/pubeurope.com\/@se\/115769864532110146","error":""},"_links":{"self":[{"href":"https:\/\/www.europesays.com\/se\/wp-json\/wp\/v2\/posts\/115088","targetHints":{"allow":["GET"]}}],"collection":[{"href":"https:\/\/www.europesays.com\/se\/wp-json\/wp\/v2\/posts"}],"about":[{"href":"https:\/\/www.europesays.com\/se\/wp-json\/wp\/v2\/types\/post"}],"author":[{"embeddable":true,"href":"https:\/\/www.europesays.com\/se\/wp-json\/wp\/v2\/users\/2"}],"replies":[{"embeddable":true,"href":"https:\/\/www.europesays.com\/se\/wp-json\/wp\/v2\/comments?post=115088"}],"version-history":[{"count":0,"href":"https:\/\/www.europesays.com\/se\/wp-json\/wp\/v2\/posts\/115088\/revisions"}],"wp:featuredmedia":[{"embeddable":true,"href":"https:\/\/www.europesays.com\/se\/wp-json\/wp\/v2\/media\/115089"}],"wp:attachment":[{"href":"https:\/\/www.europesays.com\/se\/wp-json\/wp\/v2\/media?parent=115088"}],"wp:term":[{"taxonomy":"category","embeddable":true,"href":"https:\/\/www.europesays.com\/se\/wp-json\/wp\/v2\/categories?post=115088"},{"taxonomy":"post_tag","embeddable":true,"href":"https:\/\/www.europesays.com\/se\/wp-json\/wp\/v2\/tags?post=115088"}],"curies":[{"name":"wp","href":"https:\/\/api.w.org\/{rel}","templated":true}]}}