{"id":115094,"date":"2025-12-23T16:45:11","date_gmt":"2025-12-23T16:45:11","guid":{"rendered":"https:\/\/www.europesays.com\/se\/115094\/"},"modified":"2025-12-23T16:45:11","modified_gmt":"2025-12-23T16:45:11","slug":"senaste-nytt-om-kriget-i-gaza-103","status":"publish","type":"post","link":"https:\/\/www.europesays.com\/se\/115094\/","title":{"rendered":"Senaste nytt om kriget i Gaza"},"content":{"rendered":"<p>FN:s generalsekreterare meddelar att <a href=\"https:\/\/www.svt.se\/nyheter\/utrikes\/senaste-nytt-om-kriget-i-mellanostern?inlagg=e2c08fc64564de39da24529256d9f0e2\" rel=\"nofollow noopener\" target=\"_blank\">sv\u00e4lten i Gaza<\/a> har tryckts tillbaka \u2013 men att de humanit\u00e4ra f\u00f6rh\u00e5llandena f\u00f6rblir hj\u00e4rtsk\u00e4rande.<\/p>\n<p>\u2013 Familjer uth\u00e4rdar det outh\u00e4rdliga, s\u00e4ger han.<\/p>\n<p>Israeliska myndigheter har avf\u00e4rdat fynden i FN-st\u00f6dda IPC:s rapport om hungern i Gaza. COGAT, den israeliska milit\u00e4ra myndigheten som samordnar bist\u00e5nd, anser att rapporten har stora brister och att tillr\u00e4ckligt med bist\u00e5nd n\u00e5r landremsan, enligt Reuters.<\/p>\n<p>Bist\u00e5ndsorganisationer har m\u00e5nga g\u00e5nger sagt att mer bist\u00e5nd beh\u00f6ver komma in f\u00f6r att t\u00e4cka de stora behoven i Gaza.<\/p>\n<p>Guterres delar en liknande l\u00e4gesbild.<\/p>\n<p>\u2013 Behoven v\u00e4xer snabbare \u00e4n bist\u00e5ndet kan tillgodose dem.<\/p>\n","protected":false},"excerpt":{"rendered":"FN:s generalsekreterare meddelar att sv\u00e4lten i Gaza har tryckts tillbaka \u2013 men att de humanit\u00e4ra f\u00f6rh\u00e5llandena f\u00f6rblir hj\u00e4rtsk\u00e4rande.&hellip;\n","protected":false},"author":2,"featured_media":115095,"comment_status":"","ping_status":"","sticky":false,"template":"","format":"standard","meta":{"footnotes":""},"categories":[14],"tags":[22,23,26,27,17,21,24,25,28,29,15,16,18,34,31,33,32,30,19,20,51,52,53,54],"class_list":{"0":"post-115094","1":"post","2":"type-post","3":"status-publish","4":"format-standard","5":"has-post-thumbnail","7":"category-varlden","8":"tag-breaking-news","9":"tag-breakingnews","10":"tag-featured-news","11":"tag-featurednews","12":"tag-headlines","13":"tag-huvudnyheter","14":"tag-latest-news","15":"tag-latestnews","16":"tag-main-news","17":"tag-mainnews","18":"tag-news","19":"tag-nyheter","20":"tag-rubriker","21":"tag-se","22":"tag-svenska","23":"tag-sverige","24":"tag-sweden","25":"tag-swedish","26":"tag-top-stories","27":"tag-topstories","28":"tag-varlden","29":"tag-world","30":"tag-world-news","31":"tag-worldnews"},"share_on_mastodon":{"url":"https:\/\/pubeurope.com\/@se\/115769895994337911","error":""},"_links":{"self":[{"href":"https:\/\/www.europesays.com\/se\/wp-json\/wp\/v2\/posts\/115094","targetHints":{"allow":["GET"]}}],"collection":[{"href":"https:\/\/www.europesays.com\/se\/wp-json\/wp\/v2\/posts"}],"about":[{"href":"https:\/\/www.europesays.com\/se\/wp-json\/wp\/v2\/types\/post"}],"author":[{"embeddable":true,"href":"https:\/\/www.europesays.com\/se\/wp-json\/wp\/v2\/users\/2"}],"replies":[{"embeddable":true,"href":"https:\/\/www.europesays.com\/se\/wp-json\/wp\/v2\/comments?post=115094"}],"version-history":[{"count":0,"href":"https:\/\/www.europesays.com\/se\/wp-json\/wp\/v2\/posts\/115094\/revisions"}],"wp:featuredmedia":[{"embeddable":true,"href":"https:\/\/www.europesays.com\/se\/wp-json\/wp\/v2\/media\/115095"}],"wp:attachment":[{"href":"https:\/\/www.europesays.com\/se\/wp-json\/wp\/v2\/media?parent=115094"}],"wp:term":[{"taxonomy":"category","embeddable":true,"href":"https:\/\/www.europesays.com\/se\/wp-json\/wp\/v2\/categories?post=115094"},{"taxonomy":"post_tag","embeddable":true,"href":"https:\/\/www.europesays.com\/se\/wp-json\/wp\/v2\/tags?post=115094"}],"curies":[{"name":"wp","href":"https:\/\/api.w.org\/{rel}","templated":true}]}}