{"id":115110,"date":"2025-12-23T17:01:44","date_gmt":"2025-12-23T17:01:44","guid":{"rendered":"https:\/\/www.europesays.com\/se\/115110\/"},"modified":"2025-12-23T17:01:44","modified_gmt":"2025-12-23T17:01:44","slug":"man-gripen-for-att-ha-stulit-porslin-fran-emmanuel-macron","status":"publish","type":"post","link":"https:\/\/www.europesays.com\/se\/115110\/","title":{"rendered":"Man gripen f\u00f6r att ha stulit porslin fr\u00e5n Emmanuel Macron"},"content":{"rendered":"<p>Den gripne mannen \u00e4r anst\u00e4lld som silverf\u00f6rvaltare vid \u00c9lys\u00e9epalatset i Paris. Han greps tillsammans med tv\u00e5 medhj\u00e4lpare f\u00f6rra veckan, misst\u00e4nkt f\u00f6r att ha stulit silver och porslin v\u00e4rt motsvarande 436 000 kronor fr\u00e5n presidentens residens.<\/p>\n<p>En silverf\u00f6rvaltare f\u00f6rvarar och tar hand om porslin och liknande f\u00f6rem\u00e5l som anv\u00e4nds av presidenter, bes\u00f6kande kungligheter och andra dignit\u00e4rer. Misstankarna uppstod d\u00e5 de nu gripna personerna ska ha f\u00f6rs\u00f6kt att s\u00e4lja st\u00f6ldgodset via auktionssajter, som Vinted. <\/p>\n<p>Det mesta av det stulna porslinet fr\u00e5n \u00c9lys\u00e9epalatset kommer fr\u00e5n S\u00e8vres porslinsmanufaktur i Paris, en ber\u00f6md fabrik som har \u00e4gts av den franska staten sedan 1759. Och det var fabrikspersonal d\u00e4r som k\u00e4nde igen de stulna f\u00f6rem\u00e5len p\u00e5 auktionssajterna, varp\u00e5 utredarna b\u00f6rjade f\u00f6rh\u00f6ra personalen vid \u00c9lys\u00e9epalatset.<\/p>\n<p>Flera st\u00f6lder mot franska institutioner<\/p>\n<p>Enligt utredningen ska mannen haft f\u00f6rem\u00e5l p\u00e5 sin Vinted-sida som inte \u00e4r tillg\u00e4ngliga f\u00f6r allm\u00e4nheten och man ska \u00e4ven ha hittat omkring 100 f\u00f6rem\u00e5l i mannens hem. Bland dem S\u00e8vres-porslin, en Ren\u00e9 Lalique-statyett, Baccarat-champagnekupor och kopparkastruller. <\/p>\n<p>Det har den senaste tiden skett flera st\u00f6lder vid franska institutioner, varav den mest uppm\u00e4rksammade f\u00f6rmodligen \u00e4r kuppen mot museet Louvren i oktober d\u00e4r franska kronjuveler v\u00e4rda en miljard kronor stals. Fyra personer har d\u00e4refter gripits misst\u00e4nkta f\u00f6r inblandning i r\u00e5net, tre m\u00e4n och en kvinna. Men juvelerna har \u00e4nnu inte hittats. <\/p>\n<p>De stulna f\u00f6rem\u00e5len fr\u00e5n \u00c9lys\u00e9epalatset d\u00e4remot har nu l\u00e4mnats tillbaka. De tre misst\u00e4nkta kommer att st\u00e4llas inf\u00f6r r\u00e4tta den 26 februari. <\/p>\n<p><img alt=\"Rebecka Adin\" loading=\"lazy\" width=\"1080\" height=\"1080\" decoding=\"async\" data-nimg=\"1\" style=\"color:transparent;max-width:100%;width:100%\"   src=\"https:\/\/www.europesays.com\/se\/wp-content\/uploads\/2025\/12\/1766509304_110_SQUARE.png\"\/><\/p>\n","protected":false},"excerpt":{"rendered":"Den gripne mannen \u00e4r anst\u00e4lld som silverf\u00f6rvaltare vid \u00c9lys\u00e9epalatset i Paris. Han greps tillsammans med tv\u00e5 medhj\u00e4lpare f\u00f6rra&hellip;\n","protected":false},"author":2,"featured_media":115111,"comment_status":"","ping_status":"","sticky":false,"template":"","format":"standard","meta":{"footnotes":""},"categories":[14],"tags":[22,23,26,27,17,21,24,25,28,29,15,16,18,34,31,33,32,30,19,20,51,52,53,54],"class_list":{"0":"post-115110","1":"post","2":"type-post","3":"status-publish","4":"format-standard","5":"has-post-thumbnail","7":"category-varlden","8":"tag-breaking-news","9":"tag-breakingnews","10":"tag-featured-news","11":"tag-featurednews","12":"tag-headlines","13":"tag-huvudnyheter","14":"tag-latest-news","15":"tag-latestnews","16":"tag-main-news","17":"tag-mainnews","18":"tag-news","19":"tag-nyheter","20":"tag-rubriker","21":"tag-se","22":"tag-svenska","23":"tag-sverige","24":"tag-sweden","25":"tag-swedish","26":"tag-top-stories","27":"tag-topstories","28":"tag-varlden","29":"tag-world","30":"tag-world-news","31":"tag-worldnews"},"share_on_mastodon":{"url":"https:\/\/pubeurope.com\/@se\/115769959079125175","error":""},"_links":{"self":[{"href":"https:\/\/www.europesays.com\/se\/wp-json\/wp\/v2\/posts\/115110","targetHints":{"allow":["GET"]}}],"collection":[{"href":"https:\/\/www.europesays.com\/se\/wp-json\/wp\/v2\/posts"}],"about":[{"href":"https:\/\/www.europesays.com\/se\/wp-json\/wp\/v2\/types\/post"}],"author":[{"embeddable":true,"href":"https:\/\/www.europesays.com\/se\/wp-json\/wp\/v2\/users\/2"}],"replies":[{"embeddable":true,"href":"https:\/\/www.europesays.com\/se\/wp-json\/wp\/v2\/comments?post=115110"}],"version-history":[{"count":0,"href":"https:\/\/www.europesays.com\/se\/wp-json\/wp\/v2\/posts\/115110\/revisions"}],"wp:featuredmedia":[{"embeddable":true,"href":"https:\/\/www.europesays.com\/se\/wp-json\/wp\/v2\/media\/115111"}],"wp:attachment":[{"href":"https:\/\/www.europesays.com\/se\/wp-json\/wp\/v2\/media?parent=115110"}],"wp:term":[{"taxonomy":"category","embeddable":true,"href":"https:\/\/www.europesays.com\/se\/wp-json\/wp\/v2\/categories?post=115110"},{"taxonomy":"post_tag","embeddable":true,"href":"https:\/\/www.europesays.com\/se\/wp-json\/wp\/v2\/tags?post=115110"}],"curies":[{"name":"wp","href":"https:\/\/api.w.org\/{rel}","templated":true}]}}