{"id":115118,"date":"2025-12-23T17:14:09","date_gmt":"2025-12-23T17:14:09","guid":{"rendered":"https:\/\/www.europesays.com\/se\/115118\/"},"modified":"2025-12-23T17:14:09","modified_gmt":"2025-12-23T17:14:09","slug":"svenskafans-julklappar-sodertalje-sk-hallbara-grundforutsattningar","status":"publish","type":"post","link":"https:\/\/www.europesays.com\/se\/115118\/","title":{"rendered":"SvenskaFans julklappar \u2013 S\u00f6dert\u00e4lje SK: \u201cH\u00e5llbara grundf\u00f6ruts\u00e4ttningar\u201c"},"content":{"rendered":"<p>Vad \u00f6nskar sig SvenskaFans redaktioner i julklapp? Janne Villman p\u00e5 SSK-redaktionen vill trots de svaga prestationerna inte se en ny tr\u00e4nare. Han menar att SSK:s problem \u00e4r mer strukturella.<\/p>\n<p>F\u00f6rslag, Mattias Karlin<\/p>\n<p>H\u00f6stens krislag S\u00f6dert\u00e4lje har visserligen ryckt upp sig n\u00e5got den senaste m\u00e5naden, men det \u00e4r tydligt att de inte har vad som kr\u00e4vs f\u00f6r att g\u00e5 l\u00e5ngt i ett slutspel. Det \u00e4r givetvis underk\u00e4nt f\u00f6r SSK som hade som ambition inf\u00f6r s\u00e4songen att g\u00e5 upp i SHL, och faktum \u00e4r att huvudtr\u00e4naren Andreas Johansson inte har f\u00e5tt ut tillr\u00e4ckligt av truppen. D\u00e4rf\u00f6r hade den sparkade MoDo-coachen Mattias Karlin varit ett str\u00e5lande tillskott f\u00f6r ett frustrerat SSK att bygga runt, inte bara denna s\u00e4song men \u00e4ven p\u00e5 sikt. <\/p>\n<p>Janne Villman, skribent SSK-redaktionen<\/p>\n<p>Jag k\u00f6per bilden av att SSK haft en st\u00f6kig h\u00f6st och att laget inte levt upp till de ambitioner som fanns inf\u00f6r s\u00e4songen. Samtidigt tycker jag att det blir f\u00f6r f\u00f6renklat att g\u00f6ra det till en ren tr\u00e4narfr\u00e5ga. Jag har fortsatt f\u00f6rtroende f\u00f6r Andreas Johansson och ser snarare s\u00e4songens problem som ett resultat av bristande kontinuitet och en trupp som inte riktigt satt sig. <\/p>\n<p>Om jag \u00e4nd\u00e5 ska \u00f6nska mig n\u00e5got i julklapp till SSK s\u00e5 \u00e4r det inte ett nytt namn i b\u00e5set, utan en kapps\u00e4ck med pengar \u2013 i form av l\u00e5ngsiktig ekonomisk tillv\u00e4xt. G\u00e4rna genom en ny stark sponsor eller ett ligagemensamt avtal som faktiskt st\u00e4rker klubbarna. <\/p>\n<p>De kommande tv\u00e5 avtalsperioderna blir helt avg\u00f6rande. Sl\u00e5r de fel riskerar de att omkullkasta inte bara SSK:s dr\u00f6mmar, utan i f\u00f6rl\u00e4ngningen hota hela Hockeyallsvenskans existens och konkurrenskraft. Utan stabil ekonomi spelar det mindre roll vem som st\u00e5r i b\u00e5set eller vilka sportsliga ambitioner som uttalas \u2013 f\u00f6rst n\u00e4r grundf\u00f6ruts\u00e4ttningarna \u00e4r h\u00e5llbara kan man bygga n\u00e5got som h\u00e5ller \u00f6ver tid. <\/p>\n","protected":false},"excerpt":{"rendered":"Vad \u00f6nskar sig SvenskaFans redaktioner i julklapp? Janne Villman p\u00e5 SSK-redaktionen vill trots de svaga prestationerna inte se&hellip;\n","protected":false},"author":2,"featured_media":115119,"comment_status":"","ping_status":"","sticky":false,"template":"","format":"standard","meta":{"footnotes":""},"categories":[68],"tags":[159,158,157,138,156,165,164,140,34,160,162,111,110,31,161,33,32,30,163],"class_list":{"0":"post-115118","1":"post","2":"type-post","3":"status-publish","4":"format-standard","5":"has-post-thumbnail","7":"category-sport","8":"tag-allsvenskan","9":"tag-fans","10":"tag-fantv","11":"tag-fotboll","12":"tag-hockey","13":"tag-matcher","14":"tag-matchprogram","15":"tag-premier-league","16":"tag-se","17":"tag-serie-a","18":"tag-spelschema","19":"tag-sport","20":"tag-sports","21":"tag-svenska","22":"tag-svenskafans","23":"tag-sverige","24":"tag-sweden","25":"tag-swedish","26":"tag-tabeller"},"share_on_mastodon":{"url":"https:\/\/pubeurope.com\/@se\/115770010098506491","error":""},"_links":{"self":[{"href":"https:\/\/www.europesays.com\/se\/wp-json\/wp\/v2\/posts\/115118","targetHints":{"allow":["GET"]}}],"collection":[{"href":"https:\/\/www.europesays.com\/se\/wp-json\/wp\/v2\/posts"}],"about":[{"href":"https:\/\/www.europesays.com\/se\/wp-json\/wp\/v2\/types\/post"}],"author":[{"embeddable":true,"href":"https:\/\/www.europesays.com\/se\/wp-json\/wp\/v2\/users\/2"}],"replies":[{"embeddable":true,"href":"https:\/\/www.europesays.com\/se\/wp-json\/wp\/v2\/comments?post=115118"}],"version-history":[{"count":0,"href":"https:\/\/www.europesays.com\/se\/wp-json\/wp\/v2\/posts\/115118\/revisions"}],"wp:featuredmedia":[{"embeddable":true,"href":"https:\/\/www.europesays.com\/se\/wp-json\/wp\/v2\/media\/115119"}],"wp:attachment":[{"href":"https:\/\/www.europesays.com\/se\/wp-json\/wp\/v2\/media?parent=115118"}],"wp:term":[{"taxonomy":"category","embeddable":true,"href":"https:\/\/www.europesays.com\/se\/wp-json\/wp\/v2\/categories?post=115118"},{"taxonomy":"post_tag","embeddable":true,"href":"https:\/\/www.europesays.com\/se\/wp-json\/wp\/v2\/tags?post=115118"}],"curies":[{"name":"wp","href":"https:\/\/api.w.org\/{rel}","templated":true}]}}