{"id":115195,"date":"2025-12-23T18:32:18","date_gmt":"2025-12-23T18:32:18","guid":{"rendered":"https:\/\/www.europesays.com\/se\/115195\/"},"modified":"2025-12-23T18:32:18","modified_gmt":"2025-12-23T18:32:18","slug":"ny-karnkraft-prissakras-av-staten-okad-stabilitet","status":"publish","type":"post","link":"https:\/\/www.europesays.com\/se\/115195\/","title":{"rendered":"Ny k\u00e4rnkraft priss\u00e4kras av staten: &#8221;\u00d6kad stabilitet&#8221;"},"content":{"rendered":"<p class=\"font-sans text-base text-text-main dark:text-text-main-dark font-normal leading-[1.4]\">Projektbolaget <strong>Videberg<\/strong> <strong>Kraft<\/strong> har l\u00e4mnat in den f\u00f6rsta ans\u00f6kan om statligt st\u00f6d f\u00f6r att bygga ny k\u00e4rnkraft i Sverige.<\/p>\n<p class=\"font-sans text-base text-text-main dark:text-text-main-dark font-normal leading-[1.4]\">Bakom Videberg Kraft st\u00e5r statliga <strong>Vattenfall<\/strong> tillsammans med <strong>Industrikraft<\/strong> som \u00e4r ett konsortium best\u00e5ende av elintensiva industribolag &#8211; bland annat <strong>ABB<\/strong>, <strong>Alfa Laval<\/strong>, <strong>Boliden<\/strong>, <strong>Hitachi Energy<\/strong>, <strong>H\u00f6gan\u00e4s<\/strong>, <strong>Saab<\/strong>, <strong>Stora Enso<\/strong>, <strong>SSAB<\/strong> och <strong>Volvokoncernen<\/strong>.<\/p>\n<p class=\"font-sans text-base text-text-main dark:text-text-main-dark font-normal leading-[1.4]\">Planen \u00e4r att uppf\u00f6ra nya reaktorer med en sammanlagd effekt p\u00e5 cirka 1 500 MW vid Ringhals i elprisomr\u00e5de 3.<\/p>\n<p class=\"font-sans text-base text-text-main dark:text-text-main-dark font-normal leading-[1.4]\">\u201dDet h\u00e4r \u00e4r ju ett avg\u00f6rande steg f\u00f6r att f\u00e5 tillbaka stabila elpriser, f\u00f6r att hush\u00e5llen ska f\u00e5 b\u00e4ttre f\u00f6ruts\u00e4ttningar och f\u00f6r att industrin ska kunna k\u00e4nna framtidsoptimism i Sverige\u201d, s\u00e4ger finansmarknadsminister <strong>Niklas Wykman<\/strong> (M) till Placera.<\/p>\n<p class=\"font-sans text-base text-text-main dark:text-text-main-dark font-normal leading-[1.4]\">Ans\u00f6kan markerar startpunkten f\u00f6r den process d\u00e4r regeringen ska ta st\u00e4llning till om \u2013 och p\u00e5 vilka villkor \u2013 staten ska g\u00e5 in med l\u00e5n och priss\u00e4kring f\u00f6r nya k\u00e4rnkraftsprojekt.<\/p>\n<p class=\"font-sans text-base text-text-main dark:text-text-main-dark font-normal leading-[1.4]\">Det blir d\u00e4rmed det f\u00f6rsta praktiska testet av den nya statliga st\u00f6dmodell som riksdagen beslutat om.<\/p>\n<p class=\"font-sans text-base text-text-main dark:text-text-main-dark font-normal leading-[1.4]\">Regeringen har inte uppgett hur stort st\u00f6d som s\u00f6ks. Staten erbjuder dock l\u00e5n p\u00e5 upp till 440 mdr kr och priss\u00e4kring f\u00f6r omkring 5 000 MW ny k\u00e4rnkraft.<\/p>\n","protected":false},"excerpt":{"rendered":"Projektbolaget Videberg Kraft har l\u00e4mnat in den f\u00f6rsta ans\u00f6kan om statligt st\u00f6d f\u00f6r att bygga ny k\u00e4rnkraft i&hellip;\n","protected":false},"author":2,"featured_media":115196,"comment_status":"","ping_status":"","sticky":false,"template":"","format":"standard","meta":{"footnotes":""},"categories":[65],"tags":[72,70,71,3409,34,31,33,32,30,1507],"class_list":{"0":"post-115195","1":"post","2":"type-post","3":"status-publish","4":"format-standard","5":"has-post-thumbnail","7":"category-ekonomi","8":"tag-business","9":"tag-economy","10":"tag-ekonomi","11":"tag-regeringen","12":"tag-se","13":"tag-svenska","14":"tag-sverige","15":"tag-sweden","16":"tag-swedish","17":"tag-vattenfall"},"share_on_mastodon":{"url":"https:\/\/pubeurope.com\/@se\/115770316831794975","error":""},"_links":{"self":[{"href":"https:\/\/www.europesays.com\/se\/wp-json\/wp\/v2\/posts\/115195","targetHints":{"allow":["GET"]}}],"collection":[{"href":"https:\/\/www.europesays.com\/se\/wp-json\/wp\/v2\/posts"}],"about":[{"href":"https:\/\/www.europesays.com\/se\/wp-json\/wp\/v2\/types\/post"}],"author":[{"embeddable":true,"href":"https:\/\/www.europesays.com\/se\/wp-json\/wp\/v2\/users\/2"}],"replies":[{"embeddable":true,"href":"https:\/\/www.europesays.com\/se\/wp-json\/wp\/v2\/comments?post=115195"}],"version-history":[{"count":0,"href":"https:\/\/www.europesays.com\/se\/wp-json\/wp\/v2\/posts\/115195\/revisions"}],"wp:featuredmedia":[{"embeddable":true,"href":"https:\/\/www.europesays.com\/se\/wp-json\/wp\/v2\/media\/115196"}],"wp:attachment":[{"href":"https:\/\/www.europesays.com\/se\/wp-json\/wp\/v2\/media?parent=115195"}],"wp:term":[{"taxonomy":"category","embeddable":true,"href":"https:\/\/www.europesays.com\/se\/wp-json\/wp\/v2\/categories?post=115195"},{"taxonomy":"post_tag","embeddable":true,"href":"https:\/\/www.europesays.com\/se\/wp-json\/wp\/v2\/tags?post=115195"}],"curies":[{"name":"wp","href":"https:\/\/api.w.org\/{rel}","templated":true}]}}